{"id":4131,"date":"2026-03-31T17:28:47","date_gmt":"2026-03-31T21:58:47","guid":{"rendered":"https:\/\/vocesvitalesvenezuela.org\/site\/?p=4131"},"modified":"2026-03-31T17:28:47","modified_gmt":"2026-03-31T21:58:47","slug":"31-de-marzo-dia-internacional-de-las-trabajadoras-del-hogar","status":"publish","type":"post","link":"http:\/\/vocesvitalesvenezuela.org\/site\/?p=4131","title":{"rendered":"31 de Marzo: D\u00eda Internacional de las Trabajadoras del Hogar"},"content":{"rendered":"<p style=\"text-align: justify;\"><a href=\"http:\/\/vocesvitalesvenezuela.org\/site\/wp-content\/uploads\/2026\/03\/DIA-INTERNACIONAL-DE-LAS-TRABAJADORS-DEL-HOGAR.jpg\"><img loading=\"lazy\" class=\"size-medium wp-image-4132 alignleft\" src=\"http:\/\/vocesvitalesvenezuela.org\/site\/wp-content\/uploads\/2026\/03\/DIA-INTERNACIONAL-DE-LAS-TRABAJADORS-DEL-HOGAR-300x300.jpg\" alt=\"\" width=\"300\" height=\"300\" srcset=\"http:\/\/vocesvitalesvenezuela.org\/site\/wp-content\/uploads\/2026\/03\/DIA-INTERNACIONAL-DE-LAS-TRABAJADORS-DEL-HOGAR-300x300.jpg 300w, http:\/\/vocesvitalesvenezuela.org\/site\/wp-content\/uploads\/2026\/03\/DIA-INTERNACIONAL-DE-LAS-TRABAJADORS-DEL-HOGAR-150x150.jpg 150w, http:\/\/vocesvitalesvenezuela.org\/site\/wp-content\/uploads\/2026\/03\/DIA-INTERNACIONAL-DE-LAS-TRABAJADORS-DEL-HOGAR-768x768.jpg 768w, http:\/\/vocesvitalesvenezuela.org\/site\/wp-content\/uploads\/2026\/03\/DIA-INTERNACIONAL-DE-LAS-TRABAJADORS-DEL-HOGAR-50x50.jpg 50w, http:\/\/vocesvitalesvenezuela.org\/site\/wp-content\/uploads\/2026\/03\/DIA-INTERNACIONAL-DE-LAS-TRABAJADORS-DEL-HOGAR.jpg 1000w\" sizes=\"(max-width: 300px) 100vw, 300px\" \/><\/a>El D\u00eda Internacional de las Trabajadoras del Hogar, que se conmemora cada a\u00f1o el 30 de marzo desde 1988, tiene como prop\u00f3sito promover el valor del trabajo del hogar y convocar acciones para reivindicar los derechos de quienes lo realizan, en su mayor\u00eda mujeres.<\/p>\n<p style=\"text-align: justify;\">El trabajo del hogar es un empleo y, por lo tanto, debe ser digno. Las personas trabajadoras del hogar prestan servicios para el cuidado de otras personas, incluyendo infancias, adultos mayores o personas enfermas, y realizan tareas que contribuyen al mantenimiento de los hogares, como la limpieza o la preparaci\u00f3n de alimentos. Esto permite a quienes les contratan cumplir con sus obligaciones laborales y personales o contar con tiempo de descanso.<\/p>\n<p style=\"text-align: justify;\">El trabajo del hogar o dom\u00e9stico es una de las ocupaciones m\u00e1s antiguas, que se origina en el trabajo esclavo y otras formas de servidumbre. En el trabajo dom\u00e9stico se cruzan varias discriminaciones basadas en la raza\/etnia (servidumbre) y las de g\u00e9nero (asignaci\u00f3n de las tareas dom\u00e9sticas y de cuidado de forma casi exclusiva a las mujeres), ya que muchas de las personas vinculadas al sector del servicio dom\u00e9stico en la regi\u00f3n han sido principalmente mujeres ind\u00edgenas y afrodescendientes. Esto ha profundizado la discriminaci\u00f3n y ha dificultado transformar la visi\u00f3n de explotaci\u00f3n hist\u00f3rica, y posicionar el principio de que el Estado y el\/la empleador\/a deber garantizar los derechos laborales en el trabajo dom\u00e9stico con los mismos derechos laborales que tienen otros empleos y asegurar el trabajo decente.<\/p>\n<p style=\"text-align: justify;\">El trabajo dom\u00e9stico no remunerado y remunerado es central para la \u201csostenibilidad de la vida humana\u201d y para el funcionamiento de los hogares, la econom\u00eda y el conjunto de la sociedad. Tradicionalmente ha reca\u00eddo en manos de las mujeres, a quienes la sociedad responsabiliza de llevar adelante las tareas del hogar y el cuidado de todas las personas, relegando en muchos casos sus proyectos personales, entre ellos, la posibilidad de acceder al mercado laboral.<\/p>\n<p style=\"text-align: justify;\">En Am\u00e9rica Latina y el Caribe, una de las regiones m\u00e1s desiguales del mundo, parte importante de la desigualdad se sostiene en base al mercado laboral segmentado que discrimina a las mujeres por ser responsables de los cuidados. Este mercado condiciona la inserci\u00f3n de las mujeres y sus opciones de empleo a las alternativas que permitan gestionar la conciliaci\u00f3n, a la vez que genera en el empleo dom\u00e9stico una de las pocas alternativas de empleo precario a la que pueden optar las mujeres que no han podido avanzar en la educaci\u00f3n o no han tenido acceso a formaci\u00f3n profesional.<\/p>\n","protected":false},"excerpt":{"rendered":"<p>El D\u00eda Internacional de las Trabajadoras del Hogar, que se conmemora cada a\u00f1o el 30 de marzo desde 1988, tiene como prop\u00f3sito promover el valor del trabajo del hogar y convocar acciones para reivindicar los derechos de quienes lo realizan,&hellip; <a href=\"http:\/\/vocesvitalesvenezuela.org\/site\/?p=4131\" class=\"more-link\">Continuar leyendo <span class=\"meta-nav\">&rarr;<\/span><\/a><\/p>\n","protected":false},"author":3,"featured_media":4132,"comment_status":"open","ping_status":"open","sticky":false,"template":"","format":"standard","meta":[],"categories":[12],"tags":[],"_links":{"self":[{"href":"http:\/\/vocesvitalesvenezuela.org\/site\/index.php?rest_route=\/wp\/v2\/posts\/4131"}],"collection":[{"href":"http:\/\/vocesvitalesvenezuela.org\/site\/index.php?rest_route=\/wp\/v2\/posts"}],"about":[{"href":"http:\/\/vocesvitalesvenezuela.org\/site\/index.php?rest_route=\/wp\/v2\/types\/post"}],"author":[{"embeddable":true,"href":"http:\/\/vocesvitalesvenezuela.org\/site\/index.php?rest_route=\/wp\/v2\/users\/3"}],"replies":[{"embeddable":true,"href":"http:\/\/vocesvitalesvenezuela.org\/site\/index.php?rest_route=%2Fwp%2Fv2%2Fcomments&post=4131"}],"version-history":[{"count":0,"href":"http:\/\/vocesvitalesvenezuela.org\/site\/index.php?rest_route=\/wp\/v2\/posts\/4131\/revisions"}],"wp:featuredmedia":[{"embeddable":true,"href":"http:\/\/vocesvitalesvenezuela.org\/site\/index.php?rest_route=\/wp\/v2\/media\/4132"}],"wp:attachment":[{"href":"http:\/\/vocesvitalesvenezuela.org\/site\/index.php?rest_route=%2Fwp%2Fv2%2Fmedia&parent=4131"}],"wp:term":[{"taxonomy":"category","embeddable":true,"href":"http:\/\/vocesvitalesvenezuela.org\/site\/index.php?rest_route=%2Fwp%2Fv2%2Fcategories&post=4131"},{"taxonomy":"post_tag","embeddable":true,"href":"http:\/\/vocesvitalesvenezuela.org\/site\/index.php?rest_route=%2Fwp%2Fv2%2Ftags&post=4131"}],"curies":[{"name":"wp","href":"https:\/\/api.w.org\/{rel}","templated":true}]}}