{"id":4126,"date":"2026-03-16T17:43:42","date_gmt":"2026-03-16T22:13:42","guid":{"rendered":"https:\/\/vocesvitalesvenezuela.org\/site\/?p=4126"},"modified":"2026-03-16T17:43:51","modified_gmt":"2026-03-16T22:13:51","slug":"voces-vitales-celebra-el-90-aniversario-de-la-asociacion-venezolana-de-mujeres","status":"publish","type":"post","link":"http:\/\/vocesvitalesvenezuela.org\/site\/?p=4126","title":{"rendered":"Voces Vitales Celebra el 90 Aniversario de la Asociaci\u00f3n Venezolana de Mujeres"},"content":{"rendered":"<p><img loading=\"lazy\" class=\" wp-image-4127 alignleft\" src=\"http:\/\/vocesvitalesvenezuela.org\/site\/wp-content\/uploads\/2026\/03\/2-292x300.jpeg\" alt=\"\" width=\"261\" height=\"268\" srcset=\"http:\/\/vocesvitalesvenezuela.org\/site\/wp-content\/uploads\/2026\/03\/2-292x300.jpeg 292w, http:\/\/vocesvitalesvenezuela.org\/site\/wp-content\/uploads\/2026\/03\/2-997x1024.jpeg 997w, http:\/\/vocesvitalesvenezuela.org\/site\/wp-content\/uploads\/2026\/03\/2-768x789.jpeg 768w, http:\/\/vocesvitalesvenezuela.org\/site\/wp-content\/uploads\/2026\/03\/2-50x50.jpeg 50w, http:\/\/vocesvitalesvenezuela.org\/site\/wp-content\/uploads\/2026\/03\/2.jpeg 1246w\" sizes=\"(max-width: 261px) 100vw, 261px\" \/><\/p>\n<p style=\"text-align: justify;\"><strong>Adicea Castillo, Reyna McPeck y Mar\u00eda Cristina Parra,<\/strong> quienes ocupan roles de liderazgo en Voces Vitales, tuvieron el honor de acompa\u00f1ar la celebraci\u00f3n del <strong>90 aniversario<\/strong> de <em><strong>la Asociaci\u00f3n Venezolana de Mujeres (AVM)<\/strong><\/em>. Este importante evento destac\u00f3 el legado y la historia de una organizaci\u00f3n que desde hace casi un siglo trabaja incansablemente por el bienestar, los derechos y el empoderamiento de <strong>las mujeres en Venezuela.<\/strong><\/p>\n<p style=\"text-align: justify;\">Queremos\u00a0expresar nuestras m\u00e1s sinceras <strong>felicitaciones<\/strong> por su compromiso constante y su dedicaci\u00f3n en la protecci\u00f3n, capacitaci\u00f3n y fortalecimiento de las mujeres y sus familias. La labor de\u00a0 <strong>AVM<\/strong> ha sido fundamental para promover la igualdad de oportunidades y contribuir al desarrollo social del pa\u00eds, sirviendo como ejemplo de liderazgo y perseverancia en la lucha por los derechos de las mujeres.<\/p>\n<p style=\"text-align: justify;\">Celebramos con orgullo este <strong>90 aniversario<\/strong>, reconociendo la importancia de seguir apoyando y fortaleciendo las iniciativas que buscan transformar vidas y construir una sociedad m\u00e1s justa para todos.<\/p>\n<p style=\"text-align: justify;\">#90Aniversario #Asociaci\u00f3nVenezolanadeMujeres<\/p>\n","protected":false},"excerpt":{"rendered":"<p>Adicea Castillo, Reyna McPeck y Mar\u00eda Cristina Parra, quienes ocupan roles de liderazgo en Voces Vitales, tuvieron el honor de acompa\u00f1ar la celebraci\u00f3n del 90 aniversario de la Asociaci\u00f3n Venezolana de Mujeres (AVM). Este importante evento destac\u00f3 el legado y&hellip; <a href=\"http:\/\/vocesvitalesvenezuela.org\/site\/?p=4126\" class=\"more-link\">Continuar leyendo <span class=\"meta-nav\">&rarr;<\/span><\/a><\/p>\n","protected":false},"author":3,"featured_media":4127,"comment_status":"open","ping_status":"open","sticky":false,"template":"","format":"standard","meta":[],"categories":[542,1,16],"tags":[],"_links":{"self":[{"href":"http:\/\/vocesvitalesvenezuela.org\/site\/index.php?rest_route=\/wp\/v2\/posts\/4126"}],"collection":[{"href":"http:\/\/vocesvitalesvenezuela.org\/site\/index.php?rest_route=\/wp\/v2\/posts"}],"about":[{"href":"http:\/\/vocesvitalesvenezuela.org\/site\/index.php?rest_route=\/wp\/v2\/types\/post"}],"author":[{"embeddable":true,"href":"http:\/\/vocesvitalesvenezuela.org\/site\/index.php?rest_route=\/wp\/v2\/users\/3"}],"replies":[{"embeddable":true,"href":"http:\/\/vocesvitalesvenezuela.org\/site\/index.php?rest_route=%2Fwp%2Fv2%2Fcomments&post=4126"}],"version-history":[{"count":0,"href":"http:\/\/vocesvitalesvenezuela.org\/site\/index.php?rest_route=\/wp\/v2\/posts\/4126\/revisions"}],"wp:featuredmedia":[{"embeddable":true,"href":"http:\/\/vocesvitalesvenezuela.org\/site\/index.php?rest_route=\/wp\/v2\/media\/4127"}],"wp:attachment":[{"href":"http:\/\/vocesvitalesvenezuela.org\/site\/index.php?rest_route=%2Fwp%2Fv2%2Fmedia&parent=4126"}],"wp:term":[{"taxonomy":"category","embeddable":true,"href":"http:\/\/vocesvitalesvenezuela.org\/site\/index.php?rest_route=%2Fwp%2Fv2%2Fcategories&post=4126"},{"taxonomy":"post_tag","embeddable":true,"href":"http:\/\/vocesvitalesvenezuela.org\/site\/index.php?rest_route=%2Fwp%2Fv2%2Ftags&post=4126"}],"curies":[{"name":"wp","href":"https:\/\/api.w.org\/{rel}","templated":true}]}}