{"id":4097,"date":"2026-02-01T05:10:45","date_gmt":"2026-02-01T09:40:45","guid":{"rendered":"https:\/\/vocesvitalesvenezuela.org\/site\/?p=4097"},"modified":"2026-02-01T15:32:56","modified_gmt":"2026-02-01T20:02:56","slug":"cine-foro-la-joven-y-el-mar-se-realizara-este-6-de-febrero-en-petare","status":"publish","type":"post","link":"http:\/\/vocesvitalesvenezuela.org\/site\/?p=4097","title":{"rendered":"Cine Foro \u201cLa Joven y el mar\u201d se realizar\u00e1 este 6 de febrero en Petare"},"content":{"rendered":"<p style=\"text-align: justify;\"><a href=\"http:\/\/vocesvitalesvenezuela.org\/site\/wp-content\/uploads\/2026\/02\/CINE-FORO-1.jpg\"><img loading=\"lazy\" class=\"wp-image-4099 size-medium alignleft\" src=\"http:\/\/vocesvitalesvenezuela.org\/site\/wp-content\/uploads\/2026\/02\/CINE-FORO-1-300x300.jpg\" alt=\"\" width=\"300\" height=\"300\" srcset=\"http:\/\/vocesvitalesvenezuela.org\/site\/wp-content\/uploads\/2026\/02\/CINE-FORO-1-300x300.jpg 300w, http:\/\/vocesvitalesvenezuela.org\/site\/wp-content\/uploads\/2026\/02\/CINE-FORO-1-150x150.jpg 150w, http:\/\/vocesvitalesvenezuela.org\/site\/wp-content\/uploads\/2026\/02\/CINE-FORO-1-768x768.jpg 768w, http:\/\/vocesvitalesvenezuela.org\/site\/wp-content\/uploads\/2026\/02\/CINE-FORO-1-50x50.jpg 50w, http:\/\/vocesvitalesvenezuela.org\/site\/wp-content\/uploads\/2026\/02\/CINE-FORO-1.jpg 1000w\" sizes=\"(max-width: 300px) 100vw, 300px\" \/><\/a><strong>Voces Vitales Venezuela<\/strong> en alianza con La Asociaci\u00f3n Civil <strong data-start=\"287\" data-end=\"299\">Asosaber<\/strong>, invita a la comunidad al <strong data-start=\"370\" data-end=\"418\">Cine Foro de la pel\u00edcula \u201cLa joven y el mar\u201d<\/strong>, que se llevar\u00e1 a cabo el <strong data-start=\"445\" data-end=\"468\">jueves 6 de febrero<\/strong>, en horario de <strong data-start=\"484\" data-end=\"508\">9:00 a.m. a 12:00 m.<\/strong>, en el <strong data-start=\"516\" data-end=\"564\">Club de Abuelos del Casco Colonial de Petare<\/strong>.<\/p>\n<p style=\"text-align: justify;\" data-start=\"567\" data-end=\"811\">\u201cLa joven y el mar\u201d es una <strong data-start=\"594\" data-end=\"621\">pel\u00edcula estadounidense<\/strong>, dirigida por <strong data-start=\"636\" data-end=\"655\">Joachim R\u00f8nning<\/strong> y protagonizada por <strong data-start=\"676\" data-end=\"692\">Daisy Ridley<\/strong>, que invita a reflexionar sobre los l\u00edmites personales, la perseverancia y la fortaleza humana frente a la adversidad.<\/p>\n<p style=\"text-align: justify;\" data-start=\"813\" data-end=\"1090\">Luego de la proyecci\u00f3n, se desarrollar\u00e1 un espacio de an\u00e1lisis y conversaci\u00f3n con la participaci\u00f3n de las comentaristas <strong data-start=\"933\" data-end=\"948\">Adela Vivas<\/strong>, <strong data-start=\"950\" data-end=\"974\">Mar\u00eda Cristina Parra<\/strong> y <strong data-start=\"977\" data-end=\"995\">Coralia Garc\u00eda<\/strong>, representantes de <strong data-start=\"1015\" data-end=\"1042\">Voces Vitales Venezuela<\/strong>, junto a miembros de la organizaci\u00f3n <strong data-start=\"1077\" data-end=\"1089\">Asosaber<\/strong>.<\/p>\n<p style=\"text-align: justify;\" data-start=\"1092\" data-end=\"1320\">Este cine foro forma parte de las iniciativas orientadas a promover el di\u00e1logo, la reflexi\u00f3n y el intercambio de ideas a trav\u00e9s del cine, fortaleciendo los v\u00ednculos comunitarios y el acceso a espacios culturales en la localidad.<\/p>\n<p style=\"text-align: justify;\" data-start=\"1322\" data-end=\"1377\">Para m\u00e1s informaci\u00f3n, pueden seguir las redes sociales:<\/p>\n<p style=\"text-align: justify;\" data-start=\"1380\" data-end=\"1417\">Instagram: <strong data-start=\"1391\" data-end=\"1417\">@vocesvitalesvenezuela\u00a0 \u00a0 \u00a0 \u00a0 \u00a0<\/strong><strong data-start=\"1431\" data-end=\"1447\">@aso.saber01<\/strong><\/p>\n","protected":false},"excerpt":{"rendered":"<p>Voces Vitales Venezuela en alianza con La Asociaci\u00f3n Civil Asosaber, invita a la comunidad al Cine Foro de la pel\u00edcula \u201cLa joven y el mar\u201d, que se llevar\u00e1 a cabo el jueves 6 de febrero, en horario de 9:00 a.m.&hellip; <a href=\"http:\/\/vocesvitalesvenezuela.org\/site\/?p=4097\" class=\"more-link\">Continuar leyendo <span class=\"meta-nav\">&rarr;<\/span><\/a><\/p>\n","protected":false},"author":3,"featured_media":4098,"comment_status":"open","ping_status":"open","sticky":false,"template":"","format":"standard","meta":[],"categories":[542,1],"tags":[],"_links":{"self":[{"href":"http:\/\/vocesvitalesvenezuela.org\/site\/index.php?rest_route=\/wp\/v2\/posts\/4097"}],"collection":[{"href":"http:\/\/vocesvitalesvenezuela.org\/site\/index.php?rest_route=\/wp\/v2\/posts"}],"about":[{"href":"http:\/\/vocesvitalesvenezuela.org\/site\/index.php?rest_route=\/wp\/v2\/types\/post"}],"author":[{"embeddable":true,"href":"http:\/\/vocesvitalesvenezuela.org\/site\/index.php?rest_route=\/wp\/v2\/users\/3"}],"replies":[{"embeddable":true,"href":"http:\/\/vocesvitalesvenezuela.org\/site\/index.php?rest_route=%2Fwp%2Fv2%2Fcomments&post=4097"}],"version-history":[{"count":0,"href":"http:\/\/vocesvitalesvenezuela.org\/site\/index.php?rest_route=\/wp\/v2\/posts\/4097\/revisions"}],"wp:featuredmedia":[{"embeddable":true,"href":"http:\/\/vocesvitalesvenezuela.org\/site\/index.php?rest_route=\/wp\/v2\/media\/4098"}],"wp:attachment":[{"href":"http:\/\/vocesvitalesvenezuela.org\/site\/index.php?rest_route=%2Fwp%2Fv2%2Fmedia&parent=4097"}],"wp:term":[{"taxonomy":"category","embeddable":true,"href":"http:\/\/vocesvitalesvenezuela.org\/site\/index.php?rest_route=%2Fwp%2Fv2%2Fcategories&post=4097"},{"taxonomy":"post_tag","embeddable":true,"href":"http:\/\/vocesvitalesvenezuela.org\/site\/index.php?rest_route=%2Fwp%2Fv2%2Ftags&post=4097"}],"curies":[{"name":"wp","href":"https:\/\/api.w.org\/{rel}","templated":true}]}}