{"id":4074,"date":"2025-11-19T18:10:04","date_gmt":"2025-11-19T22:40:04","guid":{"rendered":"https:\/\/vocesvitalesvenezuela.org\/site\/?p=4074"},"modified":"2026-01-19T18:12:04","modified_gmt":"2026-01-19T22:42:04","slug":"nuestra-directora-maria-cristina-parra-participara-en-el-seminario-academico-luis-herrera-campins-centenario","status":"publish","type":"post","link":"http:\/\/vocesvitalesvenezuela.org\/site\/?p=4074","title":{"rendered":"Nuestra directora, Mar\u00eda Cristina Parra participar\u00e1 en el seminario acad\u00e9mico \u00abLuis Herrera Camp\u00edns, Centenario\u00bb"},"content":{"rendered":"<p style=\"text-align: left;\"><a href=\"http:\/\/vocesvitalesvenezuela.org\/site\/wp-content\/uploads\/2026\/01\/EVENTO-CATEDRA-DE-LA-MUJER-DE-LA-UCAB-2.jpg\"><img loading=\"lazy\" class=\"wp-image-4075 alignleft\" src=\"http:\/\/vocesvitalesvenezuela.org\/site\/wp-content\/uploads\/2026\/01\/EVENTO-CATEDRA-DE-LA-MUJER-DE-LA-UCAB-2-300x300.jpg\" alt=\"\" width=\"449\" height=\"449\" srcset=\"http:\/\/vocesvitalesvenezuela.org\/site\/wp-content\/uploads\/2026\/01\/EVENTO-CATEDRA-DE-LA-MUJER-DE-LA-UCAB-2-300x300.jpg 300w, http:\/\/vocesvitalesvenezuela.org\/site\/wp-content\/uploads\/2026\/01\/EVENTO-CATEDRA-DE-LA-MUJER-DE-LA-UCAB-2-150x150.jpg 150w, http:\/\/vocesvitalesvenezuela.org\/site\/wp-content\/uploads\/2026\/01\/EVENTO-CATEDRA-DE-LA-MUJER-DE-LA-UCAB-2-768x768.jpg 768w, http:\/\/vocesvitalesvenezuela.org\/site\/wp-content\/uploads\/2026\/01\/EVENTO-CATEDRA-DE-LA-MUJER-DE-LA-UCAB-2-50x50.jpg 50w, http:\/\/vocesvitalesvenezuela.org\/site\/wp-content\/uploads\/2026\/01\/EVENTO-CATEDRA-DE-LA-MUJER-DE-LA-UCAB-2.jpg 1000w\" sizes=\"(max-width: 449px) 100vw, 449px\" \/><\/a> Nuestra directora, Mar\u00eda Cristina Parra participar\u00e1 en el seminario acad\u00e9mico \u00abLuis Herrera Camp\u00edns, Centenario\u00bb con la ponencia: \u201cLa Reforma del C\u00f3digo Civil de 1982: Un hito del legado Jur\u00eddico de Luis Herrera Camp\u00edns\u201d.<\/p>\n<p>Te esperamos!<\/p>\n<p>Jueves, 20 de noviembre de 2025<br \/>\nEn la Sala Jos\u00e9 Loreto Arismendi, Edificio de Rectorado, UCAB, Montalban.<\/p>\n","protected":false},"excerpt":{"rendered":"<p>Nuestra directora, Mar\u00eda Cristina Parra participar\u00e1 en el seminario acad\u00e9mico \u00abLuis Herrera Camp\u00edns, Centenario\u00bb con la ponencia: \u201cLa Reforma del C\u00f3digo Civil de 1982: Un hito del legado Jur\u00eddico de Luis Herrera Camp\u00edns\u201d. Te esperamos! Jueves, 20 de noviembre de&hellip; <a href=\"http:\/\/vocesvitalesvenezuela.org\/site\/?p=4074\" class=\"more-link\">Continuar leyendo <span class=\"meta-nav\">&rarr;<\/span><\/a><\/p>\n","protected":false},"author":3,"featured_media":4075,"comment_status":"open","ping_status":"open","sticky":false,"template":"","format":"standard","meta":[],"categories":[1],"tags":[],"_links":{"self":[{"href":"http:\/\/vocesvitalesvenezuela.org\/site\/index.php?rest_route=\/wp\/v2\/posts\/4074"}],"collection":[{"href":"http:\/\/vocesvitalesvenezuela.org\/site\/index.php?rest_route=\/wp\/v2\/posts"}],"about":[{"href":"http:\/\/vocesvitalesvenezuela.org\/site\/index.php?rest_route=\/wp\/v2\/types\/post"}],"author":[{"embeddable":true,"href":"http:\/\/vocesvitalesvenezuela.org\/site\/index.php?rest_route=\/wp\/v2\/users\/3"}],"replies":[{"embeddable":true,"href":"http:\/\/vocesvitalesvenezuela.org\/site\/index.php?rest_route=%2Fwp%2Fv2%2Fcomments&post=4074"}],"version-history":[{"count":0,"href":"http:\/\/vocesvitalesvenezuela.org\/site\/index.php?rest_route=\/wp\/v2\/posts\/4074\/revisions"}],"wp:featuredmedia":[{"embeddable":true,"href":"http:\/\/vocesvitalesvenezuela.org\/site\/index.php?rest_route=\/wp\/v2\/media\/4075"}],"wp:attachment":[{"href":"http:\/\/vocesvitalesvenezuela.org\/site\/index.php?rest_route=%2Fwp%2Fv2%2Fmedia&parent=4074"}],"wp:term":[{"taxonomy":"category","embeddable":true,"href":"http:\/\/vocesvitalesvenezuela.org\/site\/index.php?rest_route=%2Fwp%2Fv2%2Fcategories&post=4074"},{"taxonomy":"post_tag","embeddable":true,"href":"http:\/\/vocesvitalesvenezuela.org\/site\/index.php?rest_route=%2Fwp%2Fv2%2Ftags&post=4074"}],"curies":[{"name":"wp","href":"https:\/\/api.w.org\/{rel}","templated":true}]}}