{"id":4071,"date":"2025-11-06T18:05:16","date_gmt":"2025-11-06T22:35:16","guid":{"rendered":"https:\/\/vocesvitalesvenezuela.org\/site\/?p=4071"},"modified":"2026-01-19T18:09:43","modified_gmt":"2026-01-19T22:39:43","slug":"voces-vitales-venezuela-participo-en-el-simposio-internacional-de-responsabilidad-social-empresarial-y-sostenibilidad-2025","status":"publish","type":"post","link":"http:\/\/vocesvitalesvenezuela.org\/site\/?p=4071","title":{"rendered":"Voces Vitales Venezuela particip\u00f3 en el Simposio Internacional de Responsabilidad Social Empresarial y Sostenibilidad 2025"},"content":{"rendered":"<p style=\"text-align: justify;\"><img loading=\"lazy\" class=\"wp-image-4073 size-medium alignleft\" src=\"http:\/\/vocesvitalesvenezuela.org\/site\/wp-content\/uploads\/2026\/01\/WhatsApp-Image-2025-11-06-at-22.13.46-1-300x227.jpeg\" alt=\"\" width=\"300\" height=\"227\" srcset=\"http:\/\/vocesvitalesvenezuela.org\/site\/wp-content\/uploads\/2026\/01\/WhatsApp-Image-2025-11-06-at-22.13.46-1-300x227.jpeg 300w, http:\/\/vocesvitalesvenezuela.org\/site\/wp-content\/uploads\/2026\/01\/WhatsApp-Image-2025-11-06-at-22.13.46-1-1024x774.jpeg 1024w, http:\/\/vocesvitalesvenezuela.org\/site\/wp-content\/uploads\/2026\/01\/WhatsApp-Image-2025-11-06-at-22.13.46-1-768x580.jpeg 768w, http:\/\/vocesvitalesvenezuela.org\/site\/wp-content\/uploads\/2026\/01\/WhatsApp-Image-2025-11-06-at-22.13.46-1.jpeg 1080w\" sizes=\"(max-width: 300px) 100vw, 300px\" \/>Voces Vitales Venezuela particip\u00f3 en el Simposio Internacional de Responsabilidad Social Empresarial y Sostenibilidad 2025, organizado por la Alianza Social Venamcham en la Universidad Metropolitana (UNIMET) el jueves 6 de noviembre. Este evento reuni\u00f3 a destacados expertos en sostenibilidad, Responsabilidad Social Empresarial (RSE) y los Objetivos de Desarrollo Sostenible (ODS), con el objetivo de impulsar la transformaci\u00f3n sostenible en el \u00e1mbito empresarial.<\/p>\n<p>En las fotos Yenni Pe\u00f1a, Patricia Valladares, Adela Vivas, Mar\u00eda Cristina Parra, Zandra Pedraza, Anacaro Mc Peck y Luis Mart\u00ednez<\/p>\n<p><a class=\"x1i10hfl xjbqb8w x1ejq31n x18oe1m7 x1sy0etr xstzfhl x972fbf x10w94by x1qhh985 x14e42zd x9f619 x1ypdohk xt0psk2 x3ct3a4 xdj266r x14z9mp xat24cr x1lziwak xexx8yu xyri2b x18d9i69 x1c1uobl x16tdsg8 x1hl2dhg xggy1nq x1a2a7pz _aa9_ _a6hd\" tabindex=\"0\" role=\"link\" href=\"https:\/\/www.instagram.com\/explore\/tags\/simposiorse\/\">#SimposioRSE<\/a>\u00a0<a class=\"x1i10hfl xjbqb8w x1ejq31n x18oe1m7 x1sy0etr xstzfhl x972fbf x10w94by x1qhh985 x14e42zd x9f619 x1ypdohk xt0psk2 x3ct3a4 xdj266r x14z9mp xat24cr x1lziwak xexx8yu xyri2b x18d9i69 x1c1uobl x16tdsg8 x1hl2dhg xggy1nq x1a2a7pz _aa9_ _a6hd\" tabindex=\"0\" role=\"link\" href=\"https:\/\/www.instagram.com\/explore\/tags\/sostenibilidad2025\/\">#Sostenibilidad2025<\/a>\u00a0<a class=\"x1i10hfl xjbqb8w x1ejq31n x18oe1m7 x1sy0etr xstzfhl x972fbf x10w94by x1qhh985 x14e42zd x9f619 x1ypdohk xt0psk2 x3ct3a4 xdj266r x14z9mp xat24cr x1lziwak xexx8yu xyri2b x18d9i69 x1c1uobl x16tdsg8 x1hl2dhg xggy1nq x1a2a7pz _aa9_ _a6hd\" tabindex=\"0\" role=\"link\" href=\"https:\/\/www.instagram.com\/explore\/tags\/networking\/\">#Networking<\/a>\u00a0<a class=\"x1i10hfl xjbqb8w x1ejq31n x18oe1m7 x1sy0etr xstzfhl x972fbf x10w94by x1qhh985 x14e42zd x9f619 x1ypdohk xt0psk2 x3ct3a4 xdj266r x14z9mp xat24cr x1lziwak xexx8yu xyri2b x18d9i69 x1c1uobl x16tdsg8 x1hl2dhg xggy1nq x1a2a7pz _aa9_ _a6hd\" tabindex=\"0\" role=\"link\" href=\"https:\/\/www.instagram.com\/explore\/tags\/alianzasocial\/\">#AlianzaSocial<\/a>\u00a0<a class=\"x1i10hfl xjbqb8w x1ejq31n x18oe1m7 x1sy0etr xstzfhl x972fbf x10w94by x1qhh985 x14e42zd x9f619 x1ypdohk xt0psk2 x3ct3a4 xdj266r x14z9mp xat24cr x1lziwak xexx8yu xyri2b x18d9i69 x1c1uobl x16tdsg8 x1hl2dhg xggy1nq x1a2a7pz _aa9_ _a6hd\" tabindex=\"0\" role=\"link\" href=\"https:\/\/www.instagram.com\/explore\/tags\/venamcham\/\">#Venamcham<\/a>\u00a0<a class=\"x1i10hfl xjbqb8w x1ejq31n x18oe1m7 x1sy0etr xstzfhl x972fbf x10w94by x1qhh985 x14e42zd x9f619 x1ypdohk xt0psk2 x3ct3a4 xdj266r x14z9mp xat24cr x1lziwak xexx8yu xyri2b x18d9i69 x1c1uobl x16tdsg8 x1hl2dhg xggy1nq x1a2a7pz _aa9_ _a6hd\" tabindex=\"0\" role=\"link\" href=\"https:\/\/www.instagram.com\/explore\/tags\/unimet\/\">#unimet<\/a><\/p>\n","protected":false},"excerpt":{"rendered":"<p>Voces Vitales Venezuela particip\u00f3 en el Simposio Internacional de Responsabilidad Social Empresarial y Sostenibilidad 2025, organizado por la Alianza Social Venamcham en la Universidad Metropolitana (UNIMET) el jueves 6 de noviembre. Este evento reuni\u00f3 a destacados expertos en sostenibilidad, Responsabilidad&hellip; <a href=\"http:\/\/vocesvitalesvenezuela.org\/site\/?p=4071\" class=\"more-link\">Continuar leyendo <span class=\"meta-nav\">&rarr;<\/span><\/a><\/p>\n","protected":false},"author":3,"featured_media":4072,"comment_status":"open","ping_status":"open","sticky":false,"template":"","format":"standard","meta":[],"categories":[1,16],"tags":[],"_links":{"self":[{"href":"http:\/\/vocesvitalesvenezuela.org\/site\/index.php?rest_route=\/wp\/v2\/posts\/4071"}],"collection":[{"href":"http:\/\/vocesvitalesvenezuela.org\/site\/index.php?rest_route=\/wp\/v2\/posts"}],"about":[{"href":"http:\/\/vocesvitalesvenezuela.org\/site\/index.php?rest_route=\/wp\/v2\/types\/post"}],"author":[{"embeddable":true,"href":"http:\/\/vocesvitalesvenezuela.org\/site\/index.php?rest_route=\/wp\/v2\/users\/3"}],"replies":[{"embeddable":true,"href":"http:\/\/vocesvitalesvenezuela.org\/site\/index.php?rest_route=%2Fwp%2Fv2%2Fcomments&post=4071"}],"version-history":[{"count":0,"href":"http:\/\/vocesvitalesvenezuela.org\/site\/index.php?rest_route=\/wp\/v2\/posts\/4071\/revisions"}],"wp:featuredmedia":[{"embeddable":true,"href":"http:\/\/vocesvitalesvenezuela.org\/site\/index.php?rest_route=\/wp\/v2\/media\/4072"}],"wp:attachment":[{"href":"http:\/\/vocesvitalesvenezuela.org\/site\/index.php?rest_route=%2Fwp%2Fv2%2Fmedia&parent=4071"}],"wp:term":[{"taxonomy":"category","embeddable":true,"href":"http:\/\/vocesvitalesvenezuela.org\/site\/index.php?rest_route=%2Fwp%2Fv2%2Fcategories&post=4071"},{"taxonomy":"post_tag","embeddable":true,"href":"http:\/\/vocesvitalesvenezuela.org\/site\/index.php?rest_route=%2Fwp%2Fv2%2Ftags&post=4071"}],"curies":[{"name":"wp","href":"https:\/\/api.w.org\/{rel}","templated":true}]}}