{"id":4036,"date":"2025-04-02T21:16:13","date_gmt":"2025-04-03T01:46:13","guid":{"rendered":"https:\/\/vocesvitalesvenezuela.org\/site\/?p=4036"},"modified":"2025-05-10T21:22:27","modified_gmt":"2025-05-11T01:52:27","slug":"voces-vitales-capacita-a-jefes-de-area-en-prevencion-del-acoso-laboral-en-grupo-zoom-international-services-c-a","status":"publish","type":"post","link":"http:\/\/vocesvitalesvenezuela.org\/site\/?p=4036","title":{"rendered":"Voces Vitales Capacita a Jefes de \u00c1rea en Prevenci\u00f3n del Acoso Laboral en Grupo Zoom International Services C.A."},"content":{"rendered":"<p style=\"text-align: justify;\"><a href=\"http:\/\/vocesvitalesvenezuela.org\/site\/wp-content\/uploads\/2025\/05\/Imagen11.png\"><img loading=\"lazy\" class=\" wp-image-4037 alignleft\" src=\"http:\/\/vocesvitalesvenezuela.org\/site\/wp-content\/uploads\/2025\/05\/Imagen11-300x169.png\" alt=\"\" width=\"286\" height=\"161\" srcset=\"http:\/\/vocesvitalesvenezuela.org\/site\/wp-content\/uploads\/2025\/05\/Imagen11-300x169.png 300w, http:\/\/vocesvitalesvenezuela.org\/site\/wp-content\/uploads\/2025\/05\/Imagen11-1024x576.png 1024w, http:\/\/vocesvitalesvenezuela.org\/site\/wp-content\/uploads\/2025\/05\/Imagen11-768x432.png 768w, http:\/\/vocesvitalesvenezuela.org\/site\/wp-content\/uploads\/2025\/05\/Imagen11.png 1368w\" sizes=\"(max-width: 286px) 100vw, 286px\" \/><\/a><strong>Voces Vitales<\/strong> llev\u00f3 a cabo el taller titulado <strong>\u00abPrevenci\u00f3n del Acoso Laboral\u00bb<\/strong> para los Jefes de \u00c1rea de las sucursales del <strong>Grupo Zoom International Services C.A.<\/strong>, con la facilitaci\u00f3n de <strong>Mar\u00eda Cristina Parra<\/strong>.<\/p>\n","protected":false},"excerpt":{"rendered":"<p>Voces Vitales llev\u00f3 a cabo el taller titulado \u00abPrevenci\u00f3n del Acoso Laboral\u00bb para los Jefes de \u00c1rea de las sucursales del Grupo Zoom International Services C.A., con la facilitaci\u00f3n de Mar\u00eda Cristina Parra.<\/p>\n","protected":false},"author":3,"featured_media":4038,"comment_status":"open","ping_status":"open","sticky":false,"template":"","format":"standard","meta":[],"categories":[92,612],"tags":[],"_links":{"self":[{"href":"http:\/\/vocesvitalesvenezuela.org\/site\/index.php?rest_route=\/wp\/v2\/posts\/4036"}],"collection":[{"href":"http:\/\/vocesvitalesvenezuela.org\/site\/index.php?rest_route=\/wp\/v2\/posts"}],"about":[{"href":"http:\/\/vocesvitalesvenezuela.org\/site\/index.php?rest_route=\/wp\/v2\/types\/post"}],"author":[{"embeddable":true,"href":"http:\/\/vocesvitalesvenezuela.org\/site\/index.php?rest_route=\/wp\/v2\/users\/3"}],"replies":[{"embeddable":true,"href":"http:\/\/vocesvitalesvenezuela.org\/site\/index.php?rest_route=%2Fwp%2Fv2%2Fcomments&post=4036"}],"version-history":[{"count":0,"href":"http:\/\/vocesvitalesvenezuela.org\/site\/index.php?rest_route=\/wp\/v2\/posts\/4036\/revisions"}],"wp:featuredmedia":[{"embeddable":true,"href":"http:\/\/vocesvitalesvenezuela.org\/site\/index.php?rest_route=\/wp\/v2\/media\/4038"}],"wp:attachment":[{"href":"http:\/\/vocesvitalesvenezuela.org\/site\/index.php?rest_route=%2Fwp%2Fv2%2Fmedia&parent=4036"}],"wp:term":[{"taxonomy":"category","embeddable":true,"href":"http:\/\/vocesvitalesvenezuela.org\/site\/index.php?rest_route=%2Fwp%2Fv2%2Fcategories&post=4036"},{"taxonomy":"post_tag","embeddable":true,"href":"http:\/\/vocesvitalesvenezuela.org\/site\/index.php?rest_route=%2Fwp%2Fv2%2Ftags&post=4036"}],"curies":[{"name":"wp","href":"https:\/\/api.w.org\/{rel}","templated":true}]}}