{"id":4033,"date":"2025-03-26T20:48:29","date_gmt":"2025-03-27T01:18:29","guid":{"rendered":"https:\/\/vocesvitalesvenezuela.org\/site\/?p=4033"},"modified":"2025-05-10T21:06:52","modified_gmt":"2025-05-11T01:36:52","slug":"taller-virtual-sobre-prevencion-del-acoso-laboral-para-gerentes-de-grupo-zoom-international-services","status":"publish","type":"post","link":"http:\/\/vocesvitalesvenezuela.org\/site\/?p=4033","title":{"rendered":"Taller Virtual sobre Prevenci\u00f3n del Acoso Laboral para Gerentes de Grupo Zoom International Services"},"content":{"rendered":"<p style=\"text-align: justify;\"><a href=\"http:\/\/vocesvitalesvenezuela.org\/site\/wp-content\/uploads\/2025\/05\/IMG_20250326_182224.png\"><img loading=\"lazy\" class=\" wp-image-4034 alignleft\" src=\"http:\/\/vocesvitalesvenezuela.org\/site\/wp-content\/uploads\/2025\/05\/IMG_20250326_182224-300x132.png\" alt=\"\" width=\"282\" height=\"124\" srcset=\"http:\/\/vocesvitalesvenezuela.org\/site\/wp-content\/uploads\/2025\/05\/IMG_20250326_182224-300x132.png 300w, http:\/\/vocesvitalesvenezuela.org\/site\/wp-content\/uploads\/2025\/05\/IMG_20250326_182224-1024x451.png 1024w, http:\/\/vocesvitalesvenezuela.org\/site\/wp-content\/uploads\/2025\/05\/IMG_20250326_182224-768x338.png 768w, http:\/\/vocesvitalesvenezuela.org\/site\/wp-content\/uploads\/2025\/05\/IMG_20250326_182224.png 1368w\" sizes=\"(max-width: 282px) 100vw, 282px\" \/><\/a><strong>Voces Vitales<\/strong> llev\u00f3 a cabo de manera virtual el taller <strong>\u00abPrevenci\u00f3n del Acoso Laboral\u00bb<\/strong> dirigido a los gerentes de sucursales del <strong>Grupo Zoom International Services C.A<\/strong>. El evento cont\u00f3 con la facilitaci\u00f3n de <strong>Maria Cristina Parra y Adela Vivas.<\/strong><\/p>\n<p style=\"text-align: justify;\">Durante el taller, se abordaron temas clave como la <strong>Ley Org\u00e1nica del Trabajo, los Trabajadores y Trabajadoras (LOTT),<\/strong> que establece los derechos y protecciones esenciales de los empleados; la Ley de Prevenci\u00f3n, Condiciones y Medio Ambiente de Trabajo <strong>(LOPCYMAT),<\/strong> que busca asegurar un entorno laboral seguro y saludable; y la Ley Org\u00e1nica sobre Derechos de las Mujeres a una Vida Libre de Violencia <strong>(LOSDMVLV)<\/strong>, que trata espec\u00edficamente la violencia y el acoso hacia las mujeres en el trabajo.<\/p>\n<p style=\"text-align: justify;\">Asimismo, se enfatiz\u00f3 la responsabilidad de las empresas en la adopci\u00f3n e implementaci\u00f3n de pol\u00edticas preventivas y de actuaci\u00f3n frente a situaciones de acoso laboral.<\/p>\n","protected":false},"excerpt":{"rendered":"<p>Voces Vitales llev\u00f3 a cabo de manera virtual el taller \u00abPrevenci\u00f3n del Acoso Laboral\u00bb dirigido a los gerentes de sucursales del Grupo Zoom International Services C.A. El evento cont\u00f3 con la facilitaci\u00f3n de Maria Cristina Parra y Adela Vivas. Durante&hellip; <a href=\"http:\/\/vocesvitalesvenezuela.org\/site\/?p=4033\" class=\"more-link\">Continuar leyendo <span class=\"meta-nav\">&rarr;<\/span><\/a><\/p>\n","protected":false},"author":3,"featured_media":4035,"comment_status":"open","ping_status":"open","sticky":false,"template":"","format":"standard","meta":[],"categories":[92,612],"tags":[],"_links":{"self":[{"href":"http:\/\/vocesvitalesvenezuela.org\/site\/index.php?rest_route=\/wp\/v2\/posts\/4033"}],"collection":[{"href":"http:\/\/vocesvitalesvenezuela.org\/site\/index.php?rest_route=\/wp\/v2\/posts"}],"about":[{"href":"http:\/\/vocesvitalesvenezuela.org\/site\/index.php?rest_route=\/wp\/v2\/types\/post"}],"author":[{"embeddable":true,"href":"http:\/\/vocesvitalesvenezuela.org\/site\/index.php?rest_route=\/wp\/v2\/users\/3"}],"replies":[{"embeddable":true,"href":"http:\/\/vocesvitalesvenezuela.org\/site\/index.php?rest_route=%2Fwp%2Fv2%2Fcomments&post=4033"}],"version-history":[{"count":0,"href":"http:\/\/vocesvitalesvenezuela.org\/site\/index.php?rest_route=\/wp\/v2\/posts\/4033\/revisions"}],"wp:featuredmedia":[{"embeddable":true,"href":"http:\/\/vocesvitalesvenezuela.org\/site\/index.php?rest_route=\/wp\/v2\/media\/4035"}],"wp:attachment":[{"href":"http:\/\/vocesvitalesvenezuela.org\/site\/index.php?rest_route=%2Fwp%2Fv2%2Fmedia&parent=4033"}],"wp:term":[{"taxonomy":"category","embeddable":true,"href":"http:\/\/vocesvitalesvenezuela.org\/site\/index.php?rest_route=%2Fwp%2Fv2%2Fcategories&post=4033"},{"taxonomy":"post_tag","embeddable":true,"href":"http:\/\/vocesvitalesvenezuela.org\/site\/index.php?rest_route=%2Fwp%2Fv2%2Ftags&post=4033"}],"curies":[{"name":"wp","href":"https:\/\/api.w.org\/{rel}","templated":true}]}}