{"id":4020,"date":"2025-03-08T19:49:59","date_gmt":"2025-03-09T00:19:59","guid":{"rendered":"https:\/\/vocesvitalesvenezuela.org\/site\/?p=4020"},"modified":"2025-05-10T19:53:00","modified_gmt":"2025-05-11T00:23:00","slug":"ysis-vivas-directora-recibe-honorable-reconocimiento-en-las-100-protagonistas-2025","status":"publish","type":"post","link":"http:\/\/vocesvitalesvenezuela.org\/site\/?p=4020","title":{"rendered":"Ysis Vivas, Directora, Recibe Honorable Reconocimiento en Las 100 Protagonistas 2025"},"content":{"rendered":"<p style=\"text-align: justify;\"><a href=\"http:\/\/vocesvitalesvenezuela.org\/site\/wp-content\/uploads\/2025\/05\/NOTA-7.jpg\"><img loading=\"lazy\" class=\"size-medium wp-image-4017 alignleft\" src=\"http:\/\/vocesvitalesvenezuela.org\/site\/wp-content\/uploads\/2025\/05\/NOTA-7-225x300.jpg\" alt=\"\" width=\"225\" height=\"300\" srcset=\"http:\/\/vocesvitalesvenezuela.org\/site\/wp-content\/uploads\/2025\/05\/NOTA-7-225x300.jpg 225w, http:\/\/vocesvitalesvenezuela.org\/site\/wp-content\/uploads\/2025\/05\/NOTA-7-768x1024.jpg 768w, http:\/\/vocesvitalesvenezuela.org\/site\/wp-content\/uploads\/2025\/05\/NOTA-7.jpg 810w\" sizes=\"(max-width: 225px) 100vw, 225px\" \/><\/a> Nuestra Directora, <strong>Ysis Vivas,<\/strong> recibi\u00f3 un homenaje en el evento<strong> [Las] 100 Protagonistas 2025<\/strong> en reconocimiento a su compromiso en <strong>promover el liderazgo y el empoderamiento<\/strong> de las mujeres tanto en el \u00e1mbito <strong>empresarial<\/strong> como en las <strong>comunidades<\/strong>. Su labor impulsa la participaci\u00f3n femenina en diferentes sectores, reflejando su dedicaci\u00f3n al avance social en nuestro pa\u00eds.<\/p>\n","protected":false},"excerpt":{"rendered":"<p>Nuestra Directora, Ysis Vivas, recibi\u00f3 un homenaje en el evento [Las] 100 Protagonistas 2025 en reconocimiento a su compromiso en promover el liderazgo y el empoderamiento de las mujeres tanto en el \u00e1mbito empresarial como en las comunidades. Su labor&hellip; <a href=\"http:\/\/vocesvitalesvenezuela.org\/site\/?p=4020\" class=\"more-link\">Continuar leyendo <span class=\"meta-nav\">&rarr;<\/span><\/a><\/p>\n","protected":false},"author":3,"featured_media":4021,"comment_status":"open","ping_status":"open","sticky":false,"template":"","format":"standard","meta":[],"categories":[5,16],"tags":[],"_links":{"self":[{"href":"http:\/\/vocesvitalesvenezuela.org\/site\/index.php?rest_route=\/wp\/v2\/posts\/4020"}],"collection":[{"href":"http:\/\/vocesvitalesvenezuela.org\/site\/index.php?rest_route=\/wp\/v2\/posts"}],"about":[{"href":"http:\/\/vocesvitalesvenezuela.org\/site\/index.php?rest_route=\/wp\/v2\/types\/post"}],"author":[{"embeddable":true,"href":"http:\/\/vocesvitalesvenezuela.org\/site\/index.php?rest_route=\/wp\/v2\/users\/3"}],"replies":[{"embeddable":true,"href":"http:\/\/vocesvitalesvenezuela.org\/site\/index.php?rest_route=%2Fwp%2Fv2%2Fcomments&post=4020"}],"version-history":[{"count":0,"href":"http:\/\/vocesvitalesvenezuela.org\/site\/index.php?rest_route=\/wp\/v2\/posts\/4020\/revisions"}],"wp:featuredmedia":[{"embeddable":true,"href":"http:\/\/vocesvitalesvenezuela.org\/site\/index.php?rest_route=\/wp\/v2\/media\/4021"}],"wp:attachment":[{"href":"http:\/\/vocesvitalesvenezuela.org\/site\/index.php?rest_route=%2Fwp%2Fv2%2Fmedia&parent=4020"}],"wp:term":[{"taxonomy":"category","embeddable":true,"href":"http:\/\/vocesvitalesvenezuela.org\/site\/index.php?rest_route=%2Fwp%2Fv2%2Fcategories&post=4020"},{"taxonomy":"post_tag","embeddable":true,"href":"http:\/\/vocesvitalesvenezuela.org\/site\/index.php?rest_route=%2Fwp%2Fv2%2Ftags&post=4020"}],"curies":[{"name":"wp","href":"https:\/\/api.w.org\/{rel}","templated":true}]}}