{"id":4007,"date":"2025-02-19T15:43:06","date_gmt":"2025-02-19T20:13:06","guid":{"rendered":"https:\/\/vocesvitalesvenezuela.org\/site\/?p=4007"},"modified":"2025-05-10T19:29:26","modified_gmt":"2025-05-10T23:59:26","slug":"taller-prevencion-del-acoso-laboral","status":"publish","type":"post","link":"http:\/\/vocesvitalesvenezuela.org\/site\/?p=4007","title":{"rendered":"Taller \u00abPrevenci\u00f3n del Acoso Laboral\u00bb"},"content":{"rendered":"<p style=\"text-align: justify;\"><a href=\"http:\/\/vocesvitalesvenezuela.org\/site\/wp-content\/uploads\/2025\/05\/NOTA-4.jpeg\"><img loading=\"lazy\" class=\"size-medium wp-image-4008 alignleft\" src=\"http:\/\/vocesvitalesvenezuela.org\/site\/wp-content\/uploads\/2025\/05\/NOTA-4-300x225.jpeg\" alt=\"\" width=\"300\" height=\"225\" srcset=\"http:\/\/vocesvitalesvenezuela.org\/site\/wp-content\/uploads\/2025\/05\/NOTA-4-300x225.jpeg 300w, http:\/\/vocesvitalesvenezuela.org\/site\/wp-content\/uploads\/2025\/05\/NOTA-4-1024x768.jpeg 1024w, http:\/\/vocesvitalesvenezuela.org\/site\/wp-content\/uploads\/2025\/05\/NOTA-4-768x576.jpeg 768w, http:\/\/vocesvitalesvenezuela.org\/site\/wp-content\/uploads\/2025\/05\/NOTA-4.jpeg 1080w\" sizes=\"(max-width: 300px) 100vw, 300px\" \/><\/a> Voces Vitales llev\u00f3 a cabo el <strong>taller \u00abPrevenci\u00f3n del Acoso Laboral\u00bb<\/strong> dirigido a los directivos y al personal de recursos humanos del <strong>Grupo Zoom International Services C.A<\/strong>., con la facilitaci\u00f3n de <strong>Maria Cristina Parra y Adela Vivas.<\/strong><\/p>\n<p style=\"text-align: justify;\">El acoso en el lugar de trabajo, conocido como <strong>mobbing<\/strong>, no solo afecta la salud y el bienestar de quienes lo sufren, sino que tambi\u00e9n perjudica el ambiente laboral y la productividad de la organizaci\u00f3n.<\/p>\n<p style=\"text-align: justify;\">Es esencial que tanto los l\u00edderes como los profesionales de recursos humanos tengan la formaci\u00f3n necesaria para detectar y gestionar situaciones de acoso. En el taller se abordaron las normativas legales contenidas en la Ley Org\u00e1nica del Trabajo, los Trabajadores y las Trabajadoras<strong> (LOTT),<\/strong> la Ley de Prevenci\u00f3n, Condiciones y Medio Ambiente de Trabajo <strong>(LOPCYMAT)<\/strong> y la Ley Org\u00e1nica sobre Derechos de las Mujeres a una Vida Libre de Violencia <strong>(LOSDMVLV),<\/strong> que establecen el marco jur\u00eddico para prevenir y responder ante casos de acoso laboral.<\/p>\n<p style=\"text-align: justify;\">La concienciaci\u00f3n y la formaci\u00f3n sobre este tema son fundamentales para promover un entorno laboral m\u00e1s saludable, respetuoso y seguro.<\/p>\n","protected":false},"excerpt":{"rendered":"<p>Voces Vitales llev\u00f3 a cabo el taller \u00abPrevenci\u00f3n del Acoso Laboral\u00bb dirigido a los directivos y al personal de recursos humanos del Grupo Zoom International Services C.A., con la facilitaci\u00f3n de Maria Cristina Parra y Adela Vivas. El acoso en&hellip; <a href=\"http:\/\/vocesvitalesvenezuela.org\/site\/?p=4007\" class=\"more-link\">Continuar leyendo <span class=\"meta-nav\">&rarr;<\/span><\/a><\/p>\n","protected":false},"author":3,"featured_media":4009,"comment_status":"open","ping_status":"open","sticky":false,"template":"","format":"standard","meta":[],"categories":[92,612],"tags":[],"_links":{"self":[{"href":"http:\/\/vocesvitalesvenezuela.org\/site\/index.php?rest_route=\/wp\/v2\/posts\/4007"}],"collection":[{"href":"http:\/\/vocesvitalesvenezuela.org\/site\/index.php?rest_route=\/wp\/v2\/posts"}],"about":[{"href":"http:\/\/vocesvitalesvenezuela.org\/site\/index.php?rest_route=\/wp\/v2\/types\/post"}],"author":[{"embeddable":true,"href":"http:\/\/vocesvitalesvenezuela.org\/site\/index.php?rest_route=\/wp\/v2\/users\/3"}],"replies":[{"embeddable":true,"href":"http:\/\/vocesvitalesvenezuela.org\/site\/index.php?rest_route=%2Fwp%2Fv2%2Fcomments&post=4007"}],"version-history":[{"count":0,"href":"http:\/\/vocesvitalesvenezuela.org\/site\/index.php?rest_route=\/wp\/v2\/posts\/4007\/revisions"}],"wp:featuredmedia":[{"embeddable":true,"href":"http:\/\/vocesvitalesvenezuela.org\/site\/index.php?rest_route=\/wp\/v2\/media\/4009"}],"wp:attachment":[{"href":"http:\/\/vocesvitalesvenezuela.org\/site\/index.php?rest_route=%2Fwp%2Fv2%2Fmedia&parent=4007"}],"wp:term":[{"taxonomy":"category","embeddable":true,"href":"http:\/\/vocesvitalesvenezuela.org\/site\/index.php?rest_route=%2Fwp%2Fv2%2Fcategories&post=4007"},{"taxonomy":"post_tag","embeddable":true,"href":"http:\/\/vocesvitalesvenezuela.org\/site\/index.php?rest_route=%2Fwp%2Fv2%2Ftags&post=4007"}],"curies":[{"name":"wp","href":"https:\/\/api.w.org\/{rel}","templated":true}]}}