{"id":4001,"date":"2024-12-05T15:23:42","date_gmt":"2024-12-05T19:53:42","guid":{"rendered":"https:\/\/vocesvitalesvenezuela.org\/site\/?p=4001"},"modified":"2025-05-10T15:31:46","modified_gmt":"2025-05-10T20:01:46","slug":"directoras-de-vvv-asistieron-al-martes-solidario-organizado-por-la-fundacion-traki","status":"publish","type":"post","link":"http:\/\/vocesvitalesvenezuela.org\/site\/?p=4001","title":{"rendered":"Directoras de VVV asistieron al Martes Solidario organizado por la Fundaci\u00f3n Traki"},"content":{"rendered":"<p style=\"text-align: justify;\"><a href=\"http:\/\/vocesvitalesvenezuela.org\/site\/wp-content\/uploads\/2025\/05\/Nota-2.jpg\"><img loading=\"lazy\" class=\" wp-image-4002 alignleft\" src=\"http:\/\/vocesvitalesvenezuela.org\/site\/wp-content\/uploads\/2025\/05\/Nota-2-300x300.jpg\" alt=\"\" width=\"229\" height=\"229\" srcset=\"http:\/\/vocesvitalesvenezuela.org\/site\/wp-content\/uploads\/2025\/05\/Nota-2-300x300.jpg 300w, http:\/\/vocesvitalesvenezuela.org\/site\/wp-content\/uploads\/2025\/05\/Nota-2-1024x1024.jpg 1024w, http:\/\/vocesvitalesvenezuela.org\/site\/wp-content\/uploads\/2025\/05\/Nota-2-150x150.jpg 150w, http:\/\/vocesvitalesvenezuela.org\/site\/wp-content\/uploads\/2025\/05\/Nota-2-768x768.jpg 768w, http:\/\/vocesvitalesvenezuela.org\/site\/wp-content\/uploads\/2025\/05\/Nota-2-50x50.jpg 50w, http:\/\/vocesvitalesvenezuela.org\/site\/wp-content\/uploads\/2025\/05\/Nota-2.jpg 1440w\" sizes=\"(max-width: 229px) 100vw, 229px\" \/><\/a>Las Directoras de<strong> Voces Vitales<\/strong> asistieron al <strong>Martes Solidario<\/strong> organizado por la<strong> Fundaci\u00f3n Traki<\/strong> en el <strong>Bowling Traki del Cigarral,<\/strong> una actividad que cada a\u00f1o reconoc\u00eda el labor de las organizaciones de desarrollo social en Venezuela.<\/p>\n<p style=\"text-align: justify;\">Los participantes integraron <strong>6 equipos de jugadores de bowling<\/strong> y pasaron una tarde amena compartiendo un ambiente amistoso.<\/p>\n<p style=\"text-align: justify;\">Felicitamos a la <strong>Fundaci\u00f3n Proyecto Mayu<\/strong>, que fue la ganadora en el <strong>#MATCH2024<\/strong> y que continu\u00f3 con su labor en el programa <strong>Un Gesto Solidario en el a\u00f1o 2025<\/strong>.<\/p>\n<p style=\"text-align: justify;\">\u00a1Sigan adelante con su admirable trabajo!<\/p>\n","protected":false},"excerpt":{"rendered":"<p>Las Directoras de Voces Vitales asistieron al Martes Solidario organizado por la Fundaci\u00f3n Traki en el Bowling Traki del Cigarral, una actividad que cada a\u00f1o reconoc\u00eda el labor de las organizaciones de desarrollo social en Venezuela. Los participantes integraron 6&hellip; <a href=\"http:\/\/vocesvitalesvenezuela.org\/site\/?p=4001\" class=\"more-link\">Continuar leyendo <span class=\"meta-nav\">&rarr;<\/span><\/a><\/p>\n","protected":false},"author":3,"featured_media":4002,"comment_status":"open","ping_status":"open","sticky":false,"template":"","format":"standard","meta":[],"categories":[542,16],"tags":[],"_links":{"self":[{"href":"http:\/\/vocesvitalesvenezuela.org\/site\/index.php?rest_route=\/wp\/v2\/posts\/4001"}],"collection":[{"href":"http:\/\/vocesvitalesvenezuela.org\/site\/index.php?rest_route=\/wp\/v2\/posts"}],"about":[{"href":"http:\/\/vocesvitalesvenezuela.org\/site\/index.php?rest_route=\/wp\/v2\/types\/post"}],"author":[{"embeddable":true,"href":"http:\/\/vocesvitalesvenezuela.org\/site\/index.php?rest_route=\/wp\/v2\/users\/3"}],"replies":[{"embeddable":true,"href":"http:\/\/vocesvitalesvenezuela.org\/site\/index.php?rest_route=%2Fwp%2Fv2%2Fcomments&post=4001"}],"version-history":[{"count":0,"href":"http:\/\/vocesvitalesvenezuela.org\/site\/index.php?rest_route=\/wp\/v2\/posts\/4001\/revisions"}],"wp:featuredmedia":[{"embeddable":true,"href":"http:\/\/vocesvitalesvenezuela.org\/site\/index.php?rest_route=\/wp\/v2\/media\/4002"}],"wp:attachment":[{"href":"http:\/\/vocesvitalesvenezuela.org\/site\/index.php?rest_route=%2Fwp%2Fv2%2Fmedia&parent=4001"}],"wp:term":[{"taxonomy":"category","embeddable":true,"href":"http:\/\/vocesvitalesvenezuela.org\/site\/index.php?rest_route=%2Fwp%2Fv2%2Fcategories&post=4001"},{"taxonomy":"post_tag","embeddable":true,"href":"http:\/\/vocesvitalesvenezuela.org\/site\/index.php?rest_route=%2Fwp%2Fv2%2Ftags&post=4001"}],"curies":[{"name":"wp","href":"https:\/\/api.w.org\/{rel}","templated":true}]}}