{"id":3971,"date":"2024-07-11T17:39:49","date_gmt":"2024-07-11T22:09:49","guid":{"rendered":"https:\/\/vocesvitalesvenezuela.org\/site\/?p=3971"},"modified":"2024-11-21T17:47:51","modified_gmt":"2024-11-21T22:17:51","slug":"vvv-imparte-taller-sobre-ia-y-diseno-grafico-para-impulsar-contenidos-e-identidad-visual-de-emprendimientos","status":"publish","type":"post","link":"http:\/\/vocesvitalesvenezuela.org\/site\/?p=3971","title":{"rendered":"VVV Imparte Taller sobre IA y Dise\u00f1o Gr\u00e1fico para Impulsar Contenidos e Identidad Visual de Emprendimientos"},"content":{"rendered":"<p style=\"text-align: justify;\"><strong><a href=\"http:\/\/vocesvitalesvenezuela.org\/site\/wp-content\/uploads\/2024\/11\/20240711_090706.jpg\"><img loading=\"lazy\" class=\" wp-image-3972 alignleft\" src=\"http:\/\/vocesvitalesvenezuela.org\/site\/wp-content\/uploads\/2024\/11\/20240711_090706-300x169.jpg\" alt=\"\" width=\"284\" height=\"160\" srcset=\"http:\/\/vocesvitalesvenezuela.org\/site\/wp-content\/uploads\/2024\/11\/20240711_090706-300x169.jpg 300w, http:\/\/vocesvitalesvenezuela.org\/site\/wp-content\/uploads\/2024\/11\/20240711_090706-1024x577.jpg 1024w, http:\/\/vocesvitalesvenezuela.org\/site\/wp-content\/uploads\/2024\/11\/20240711_090706-768x432.jpg 768w, http:\/\/vocesvitalesvenezuela.org\/site\/wp-content\/uploads\/2024\/11\/20240711_090706-1536x865.jpg 1536w, http:\/\/vocesvitalesvenezuela.org\/site\/wp-content\/uploads\/2024\/11\/20240711_090706.jpg 1920w\" sizes=\"(max-width: 284px) 100vw, 284px\" \/><\/a>Voces Vitales<\/strong> llev\u00f3 a cabo un taller titulado <strong>\u201cIA y herramientas de dise\u00f1o gr\u00e1fico para la creaci\u00f3n de contenidos e identidad visual de emprendimientos\u201d<\/strong> en la sede de la <strong>Fundaci\u00f3n Zoom<\/strong> el jueves 11 de julio. Esta actividad, dirigida al personal administrativo, fue facilitada por la soci\u00f3loga <strong>Yenni Pe\u00f1a<\/strong>.<\/p>\n<p style=\"text-align: justify;\">La <strong>Inteligencia Artificial (IA)<\/strong> est\u00e1 revolucionando la manera en que se produce contenido y se define la identidad visual de los negocios. Con los avances tecnol\u00f3gicos emergen herramientas de dise\u00f1o gr\u00e1fico basadas en<strong> IA<\/strong> que permiten a los emprendedores crear logotipos, gr\u00e1ficos, videos y otros elementos visuales de manera r\u00e1pida y sencilla.<\/p>\n<p style=\"text-align: justify;\">Estas herramientas emplean algoritmos inteligentes para generar dise\u00f1os adaptados a las preferencias del usuario, lo que simplifica el proceso creativo y optimiza el uso de tiempo y recursos. Adem\u00e1s, <strong>la IA puede mejorar el dise\u00f1o de la identidad visual de un emprendimiento<\/strong> al analizar datos y tendencias, generando piezas atractivas y efectivas.<\/p>\n<p style=\"text-align: justify;\">Las ventajas de utilizar <strong>IA en el dise\u00f1o gr\u00e1fico<\/strong> para emprendimientos incluyen la posibilidad de experimentar con diversos estilos y conceptos, la creaci\u00f3n de contenido visual de alta calidad sin necesidad de ser un experto, as\u00ed como la personalizaci\u00f3n de los dise\u00f1os para reflejar la marca e identidad del negocio.<\/p>\n","protected":false},"excerpt":{"rendered":"<p>Voces Vitales llev\u00f3 a cabo un taller titulado \u201cIA y herramientas de dise\u00f1o gr\u00e1fico para la creaci\u00f3n de contenidos e identidad visual de emprendimientos\u201d en la sede de la Fundaci\u00f3n Zoom el jueves 11 de julio. Esta actividad, dirigida al&hellip; <a href=\"http:\/\/vocesvitalesvenezuela.org\/site\/?p=3971\" class=\"more-link\">Continuar leyendo <span class=\"meta-nav\">&rarr;<\/span><\/a><\/p>\n","protected":false},"author":3,"featured_media":3973,"comment_status":"open","ping_status":"open","sticky":false,"template":"","format":"standard","meta":[],"categories":[542,92,612],"tags":[],"_links":{"self":[{"href":"http:\/\/vocesvitalesvenezuela.org\/site\/index.php?rest_route=\/wp\/v2\/posts\/3971"}],"collection":[{"href":"http:\/\/vocesvitalesvenezuela.org\/site\/index.php?rest_route=\/wp\/v2\/posts"}],"about":[{"href":"http:\/\/vocesvitalesvenezuela.org\/site\/index.php?rest_route=\/wp\/v2\/types\/post"}],"author":[{"embeddable":true,"href":"http:\/\/vocesvitalesvenezuela.org\/site\/index.php?rest_route=\/wp\/v2\/users\/3"}],"replies":[{"embeddable":true,"href":"http:\/\/vocesvitalesvenezuela.org\/site\/index.php?rest_route=%2Fwp%2Fv2%2Fcomments&post=3971"}],"version-history":[{"count":0,"href":"http:\/\/vocesvitalesvenezuela.org\/site\/index.php?rest_route=\/wp\/v2\/posts\/3971\/revisions"}],"wp:featuredmedia":[{"embeddable":true,"href":"http:\/\/vocesvitalesvenezuela.org\/site\/index.php?rest_route=\/wp\/v2\/media\/3973"}],"wp:attachment":[{"href":"http:\/\/vocesvitalesvenezuela.org\/site\/index.php?rest_route=%2Fwp%2Fv2%2Fmedia&parent=3971"}],"wp:term":[{"taxonomy":"category","embeddable":true,"href":"http:\/\/vocesvitalesvenezuela.org\/site\/index.php?rest_route=%2Fwp%2Fv2%2Fcategories&post=3971"},{"taxonomy":"post_tag","embeddable":true,"href":"http:\/\/vocesvitalesvenezuela.org\/site\/index.php?rest_route=%2Fwp%2Fv2%2Ftags&post=3971"}],"curies":[{"name":"wp","href":"https:\/\/api.w.org\/{rel}","templated":true}]}}